{"id":3585,"date":"2022-03-22T13:58:46","date_gmt":"2022-03-22T12:58:46","guid":{"rendered":"https:\/\/komvak.buges.sk\/vizvezetek-halozat-kiepitese-kabatfalu-nova-osada-varosreszben\/"},"modified":"2022-07-01T12:23:09","modified_gmt":"2022-07-01T10:23:09","slug":"vizvezetek-halozat-kiepitese-kabatfalu-nova-osada-varosreszben","status":"publish","type":"post","link":"https:\/\/komvak.sk\/hu\/vizvezetek-halozat-kiepitese-kabatfalu-nova-osada-varosreszben\/","title":{"rendered":"V\u00edzvezet\u00e9k-h\u00e1l\u00f3zat ki\u00e9p\u00edt\u00e9se Kab\u00e1tfalu (Nov\u00e1 Osada) v\u00e1rosr\u00e9szben"},"content":{"rendered":"\n<div class=\"row\"  id=\"row-1172452588\">\n\n\n\t<div id=\"col-768432859\" class=\"col small-12 large-12\"  >\n\t\t\t\t<div class=\"col-inner\"  >\n\t\t\t\n\t\t\t\n\n<h3 style=\"font-weight: 400;\"><strong><span style=\"font-style: inherit;\">KOMVaK Rt.<\/span><\/strong><\/h3>\n<p style=\"font-weight: 400;\"><span style=\"font-weight: 400;\"><span style=\"font-style: inherit; font-weight: inherit;\">t\u00e1j\u00e9koztatja a lakoss\u00e1got, hogy a 35. h\u00e9ten (2019. szeptember 2-t\u00f3l) megkezdi a <strong style=\"font-style: inherit;\">\u201eV\u00edzvezet\u00e9k-h\u00e1l\u00f3zat ki\u00e9p\u00edt\u00e9se Kab\u00e1tfalu (Nov\u00e1 Osada) v\u00e1rosr\u00e9szben\u201d<\/strong> elnevez\u00e9s\u0171 projekt m\u00e1sodik szakasz\u00e1t. A projekt keret\u00e9n bel\u00fcl a f\u0151 v\u00edzvezet\u00e9k ki\u00e9p\u00edt\u00e9se val\u00f3sul meg, az egyes ingatlanok r\u00e1kapcsol\u00f3d\u00e1sa a h\u00e1l\u00f3zatra nem r\u00e9sze a projektnek. Felh\u00edvjuk figyelm\u00e9t, hogy tartsa tiszteletben a k\u00f6zleked\u00e9si t\u00e1bl\u00e1kat, az egyes szakaszokon a forgalmi korl\u00e1toz\u00e1sokat \u00e9s a f\u00f6ldmunk\u00e1k k\u00f6rny\u00e9k\u00e9n ne parkolja le szem\u00e9lyg\u00e9pkocsij\u00e1t. Eln\u00e9z\u00e9st k\u00e9r\u00fcnk a megn\u00f6vekedett zaj \u00e9s por miatt az \u00e9p\u00edtkez\u00e9s sor\u00e1n. Ha b\u00e1rmilyen k\u00e9rd\u00e9se van, h\u00edvjon a 0905 413 257 telefonsz\u00e1mon.<\/span><\/span><\/p>\n\n\t\t<\/div>\n\t\t\t\t\t<\/div>\n\n\t\n\n<\/div>\n\n","protected":false},"excerpt":{"rendered":"<p>KOMVaK &#8211; Kom\u00e1rom v\u00e1ros v\u00edz- \u00e9s csatornam\u0171vei, rt.<br \/>\nt\u00e1j\u00e9koztatja a lakoss\u00e1got, hogy a 35. h\u00e9ten (2019. szeptember 2-t\u00f3l) megkezdi a \u201eV\u00edzvezet\u00e9k-h\u00e1l\u00f3zat ki\u00e9p\u00edt\u00e9se Kab\u00e1tfalu (Nov\u00e1 Osada) v\u00e1rosr\u00e9szben\u201d elnevez\u00e9s\u0171 projekt m\u00e1sodik szakasz\u00e1t.<\/p>\n","protected":false},"author":1,"featured_media":823,"comment_status":"closed","ping_status":"closed","sticky":false,"template":"","format":"standard","meta":{"footnotes":""},"categories":[28],"tags":[],"class_list":["post-3585","post","type-post","status-publish","format-standard","has-post-thumbnail","hentry","category-hirek"],"yoast_head":"<!-- This site is optimized with the Yoast SEO plugin v27.3 - https:\/\/yoast.com\/product\/yoast-seo-wordpress\/ -->\n<title>V\u00edzvezet\u00e9k-h\u00e1l\u00f3zat ki\u00e9p\u00edt\u00e9se Kab\u00e1tfalu (Nov\u00e1 Osada) v\u00e1rosr\u00e9szben &#8226; KOMVak<\/title>\n<meta name=\"robots\" content=\"index, follow, max-snippet:-1, max-image-preview:large, max-video-preview:-1\" \/>\n<link rel=\"canonical\" href=\"https:\/\/komvak.sk\/hu\/vizvezetek-halozat-kiepitese-kabatfalu-nova-osada-varosreszben\/\" \/>\n<meta property=\"og:locale\" content=\"hu_HU\" \/>\n<meta property=\"og:type\" content=\"article\" \/>\n<meta property=\"og:title\" content=\"V\u00edzvezet\u00e9k-h\u00e1l\u00f3zat ki\u00e9p\u00edt\u00e9se Kab\u00e1tfalu (Nov\u00e1 Osada) v\u00e1rosr\u00e9szben &#8226; KOMVak\" \/>\n<meta property=\"og:description\" content=\"KOMVaK - Kom\u00e1rom v\u00e1ros v\u00edz- \u00e9s csatornam\u0171vei, rt. t\u00e1j\u00e9koztatja a lakoss\u00e1got, hogy a 35. h\u00e9ten (2019. szeptember 2-t\u00f3l) megkezdi a \u201eV\u00edzvezet\u00e9k-h\u00e1l\u00f3zat ki\u00e9p\u00edt\u00e9se Kab\u00e1tfalu (Nov\u00e1 Osada) v\u00e1rosr\u00e9szben\u201d elnevez\u00e9s\u0171 projekt m\u00e1sodik szakasz\u00e1t.\" \/>\n<meta property=\"og:url\" content=\"https:\/\/komvak.sk\/hu\/vizvezetek-halozat-kiepitese-kabatfalu-nova-osada-varosreszben\/\" \/>\n<meta property=\"og:site_name\" content=\"KOMVak\" \/>\n<meta property=\"article:publisher\" content=\"https:\/\/www.facebook.com\/KOMVaKKomarno\" \/>\n<meta property=\"article:published_time\" content=\"2022-03-22T12:58:46+00:00\" \/>\n<meta property=\"article:modified_time\" content=\"2022-07-01T10:23:09+00:00\" \/>\n<meta property=\"og:image\" content=\"https:\/\/komvak.sk\/wp-content\/uploads\/article-04.jpeg\" \/>\n\t<meta property=\"og:image:width\" content=\"400\" \/>\n\t<meta property=\"og:image:height\" content=\"272\" \/>\n\t<meta property=\"og:image:type\" content=\"image\/jpeg\" \/>\n<meta name=\"author\" content=\"admin\" \/>\n<meta name=\"twitter:card\" content=\"summary_large_image\" \/>\n<meta name=\"twitter:label1\" content=\"Szerz\u0151:\" \/>\n\t<meta name=\"twitter:data1\" content=\"admin\" \/>\n\t<meta name=\"twitter:label2\" content=\"Becs\u00fclt olvas\u00e1si id\u0151\" \/>\n\t<meta name=\"twitter:data2\" content=\"1 perc\" \/>\n<script type=\"application\/ld+json\" class=\"yoast-schema-graph\">{\"@context\":\"https:\\\/\\\/schema.org\",\"@graph\":[{\"@type\":\"Article\",\"@id\":\"https:\\\/\\\/komvak.sk\\\/hu\\\/vizvezetek-halozat-kiepitese-kabatfalu-nova-osada-varosreszben\\\/#article\",\"isPartOf\":{\"@id\":\"https:\\\/\\\/komvak.sk\\\/hu\\\/vizvezetek-halozat-kiepitese-kabatfalu-nova-osada-varosreszben\\\/\"},\"author\":{\"name\":\"admin\",\"@id\":\"https:\\\/\\\/komvak.sk\\\/hu\\\/#\\\/schema\\\/person\\\/161b5be0b084105024b9948e715cb8bb\"},\"headline\":\"V\u00edzvezet\u00e9k-h\u00e1l\u00f3zat ki\u00e9p\u00edt\u00e9se Kab\u00e1tfalu (Nov\u00e1 Osada) v\u00e1rosr\u00e9szben\",\"datePublished\":\"2022-03-22T12:58:46+00:00\",\"dateModified\":\"2022-07-01T10:23:09+00:00\",\"mainEntityOfPage\":{\"@id\":\"https:\\\/\\\/komvak.sk\\\/hu\\\/vizvezetek-halozat-kiepitese-kabatfalu-nova-osada-varosreszben\\\/\"},\"wordCount\":165,\"publisher\":{\"@id\":\"https:\\\/\\\/komvak.sk\\\/hu\\\/#organization\"},\"image\":{\"@id\":\"https:\\\/\\\/komvak.sk\\\/hu\\\/vizvezetek-halozat-kiepitese-kabatfalu-nova-osada-varosreszben\\\/#primaryimage\"},\"thumbnailUrl\":\"https:\\\/\\\/komvak.sk\\\/wp-content\\\/uploads\\\/article-04.jpeg\",\"articleSection\":[\"H\u00edrek\"],\"inLanguage\":\"hu\"},{\"@type\":\"WebPage\",\"@id\":\"https:\\\/\\\/komvak.sk\\\/hu\\\/vizvezetek-halozat-kiepitese-kabatfalu-nova-osada-varosreszben\\\/\",\"url\":\"https:\\\/\\\/komvak.sk\\\/hu\\\/vizvezetek-halozat-kiepitese-kabatfalu-nova-osada-varosreszben\\\/\",\"name\":\"V\u00edzvezet\u00e9k-h\u00e1l\u00f3zat ki\u00e9p\u00edt\u00e9se Kab\u00e1tfalu (Nov\u00e1 Osada) v\u00e1rosr\u00e9szben &#8226; KOMVak\",\"isPartOf\":{\"@id\":\"https:\\\/\\\/komvak.sk\\\/hu\\\/#website\"},\"primaryImageOfPage\":{\"@id\":\"https:\\\/\\\/komvak.sk\\\/hu\\\/vizvezetek-halozat-kiepitese-kabatfalu-nova-osada-varosreszben\\\/#primaryimage\"},\"image\":{\"@id\":\"https:\\\/\\\/komvak.sk\\\/hu\\\/vizvezetek-halozat-kiepitese-kabatfalu-nova-osada-varosreszben\\\/#primaryimage\"},\"thumbnailUrl\":\"https:\\\/\\\/komvak.sk\\\/wp-content\\\/uploads\\\/article-04.jpeg\",\"datePublished\":\"2022-03-22T12:58:46+00:00\",\"dateModified\":\"2022-07-01T10:23:09+00:00\",\"breadcrumb\":{\"@id\":\"https:\\\/\\\/komvak.sk\\\/hu\\\/vizvezetek-halozat-kiepitese-kabatfalu-nova-osada-varosreszben\\\/#breadcrumb\"},\"inLanguage\":\"hu\",\"potentialAction\":[{\"@type\":\"ReadAction\",\"target\":[\"https:\\\/\\\/komvak.sk\\\/hu\\\/vizvezetek-halozat-kiepitese-kabatfalu-nova-osada-varosreszben\\\/\"]}]},{\"@type\":\"ImageObject\",\"inLanguage\":\"hu\",\"@id\":\"https:\\\/\\\/komvak.sk\\\/hu\\\/vizvezetek-halozat-kiepitese-kabatfalu-nova-osada-varosreszben\\\/#primaryimage\",\"url\":\"https:\\\/\\\/komvak.sk\\\/wp-content\\\/uploads\\\/article-04.jpeg\",\"contentUrl\":\"https:\\\/\\\/komvak.sk\\\/wp-content\\\/uploads\\\/article-04.jpeg\",\"width\":400,\"height\":272},{\"@type\":\"BreadcrumbList\",\"@id\":\"https:\\\/\\\/komvak.sk\\\/hu\\\/vizvezetek-halozat-kiepitese-kabatfalu-nova-osada-varosreszben\\\/#breadcrumb\",\"itemListElement\":[{\"@type\":\"ListItem\",\"position\":1,\"name\":\"Home\",\"item\":\"https:\\\/\\\/komvak.sk\\\/hu\\\/\"},{\"@type\":\"ListItem\",\"position\":2,\"name\":\"V\u00edzvezet\u00e9k-h\u00e1l\u00f3zat ki\u00e9p\u00edt\u00e9se Kab\u00e1tfalu (Nov\u00e1 Osada) v\u00e1rosr\u00e9szben\"}]},{\"@type\":\"WebSite\",\"@id\":\"https:\\\/\\\/komvak.sk\\\/hu\\\/#website\",\"url\":\"https:\\\/\\\/komvak.sk\\\/hu\\\/\",\"name\":\"KOMVak\",\"description\":\"Vod\u00e1rne a kanaliz\u00e1cie mesta Kom\u00e1rna, a.s.\",\"publisher\":{\"@id\":\"https:\\\/\\\/komvak.sk\\\/hu\\\/#organization\"},\"potentialAction\":[{\"@type\":\"SearchAction\",\"target\":{\"@type\":\"EntryPoint\",\"urlTemplate\":\"https:\\\/\\\/komvak.sk\\\/hu\\\/?s={search_term_string}\"},\"query-input\":{\"@type\":\"PropertyValueSpecification\",\"valueRequired\":true,\"valueName\":\"search_term_string\"}}],\"inLanguage\":\"hu\"},{\"@type\":\"Organization\",\"@id\":\"https:\\\/\\\/komvak.sk\\\/hu\\\/#organization\",\"name\":\"KOMVaK - Vod\u00e1rne a kanaliz\u00e1cie mesta Kom\u00e1rna, a.s.\",\"url\":\"https:\\\/\\\/komvak.sk\\\/hu\\\/\",\"logo\":{\"@type\":\"ImageObject\",\"inLanguage\":\"hu\",\"@id\":\"https:\\\/\\\/komvak.sk\\\/hu\\\/#\\\/schema\\\/logo\\\/image\\\/\",\"url\":\"https:\\\/\\\/komvak.sk\\\/wp-content\\\/uploads\\\/KOMVak_logo.png\",\"contentUrl\":\"https:\\\/\\\/komvak.sk\\\/wp-content\\\/uploads\\\/KOMVak_logo.png\",\"width\":948,\"height\":619,\"caption\":\"KOMVaK - Vod\u00e1rne a kanaliz\u00e1cie mesta Kom\u00e1rna, a.s.\"},\"image\":{\"@id\":\"https:\\\/\\\/komvak.sk\\\/hu\\\/#\\\/schema\\\/logo\\\/image\\\/\"},\"sameAs\":[\"https:\\\/\\\/www.facebook.com\\\/KOMVaKKomarno\"]},{\"@type\":\"Person\",\"@id\":\"https:\\\/\\\/komvak.sk\\\/hu\\\/#\\\/schema\\\/person\\\/161b5be0b084105024b9948e715cb8bb\",\"name\":\"admin\",\"image\":{\"@type\":\"ImageObject\",\"inLanguage\":\"hu\",\"@id\":\"https:\\\/\\\/secure.gravatar.com\\\/avatar\\\/65f2c3a7a003521cded3b9febc6f07578bf8c0745c7edea0b3031d0c3f0305e9?s=96&d=mm&r=g\",\"url\":\"https:\\\/\\\/secure.gravatar.com\\\/avatar\\\/65f2c3a7a003521cded3b9febc6f07578bf8c0745c7edea0b3031d0c3f0305e9?s=96&d=mm&r=g\",\"contentUrl\":\"https:\\\/\\\/secure.gravatar.com\\\/avatar\\\/65f2c3a7a003521cded3b9febc6f07578bf8c0745c7edea0b3031d0c3f0305e9?s=96&d=mm&r=g\",\"caption\":\"admin\"}}]}<\/script>\n<!-- \/ Yoast SEO plugin. -->","yoast_head_json":{"title":"V\u00edzvezet\u00e9k-h\u00e1l\u00f3zat ki\u00e9p\u00edt\u00e9se Kab\u00e1tfalu (Nov\u00e1 Osada) v\u00e1rosr\u00e9szben &#8226; KOMVak","robots":{"index":"index","follow":"follow","max-snippet":"max-snippet:-1","max-image-preview":"max-image-preview:large","max-video-preview":"max-video-preview:-1"},"canonical":"https:\/\/komvak.sk\/hu\/vizvezetek-halozat-kiepitese-kabatfalu-nova-osada-varosreszben\/","og_locale":"hu_HU","og_type":"article","og_title":"V\u00edzvezet\u00e9k-h\u00e1l\u00f3zat ki\u00e9p\u00edt\u00e9se Kab\u00e1tfalu (Nov\u00e1 Osada) v\u00e1rosr\u00e9szben &#8226; KOMVak","og_description":"KOMVaK - Kom\u00e1rom v\u00e1ros v\u00edz- \u00e9s csatornam\u0171vei, rt. t\u00e1j\u00e9koztatja a lakoss\u00e1got, hogy a 35. h\u00e9ten (2019. szeptember 2-t\u00f3l) megkezdi a \u201eV\u00edzvezet\u00e9k-h\u00e1l\u00f3zat ki\u00e9p\u00edt\u00e9se Kab\u00e1tfalu (Nov\u00e1 Osada) v\u00e1rosr\u00e9szben\u201d elnevez\u00e9s\u0171 projekt m\u00e1sodik szakasz\u00e1t.","og_url":"https:\/\/komvak.sk\/hu\/vizvezetek-halozat-kiepitese-kabatfalu-nova-osada-varosreszben\/","og_site_name":"KOMVak","article_publisher":"https:\/\/www.facebook.com\/KOMVaKKomarno","article_published_time":"2022-03-22T12:58:46+00:00","article_modified_time":"2022-07-01T10:23:09+00:00","og_image":[{"width":400,"height":272,"url":"https:\/\/komvak.sk\/wp-content\/uploads\/article-04.jpeg","type":"image\/jpeg"}],"author":"admin","twitter_card":"summary_large_image","twitter_misc":{"Szerz\u0151:":"admin","Becs\u00fclt olvas\u00e1si id\u0151":"1 perc"},"schema":{"@context":"https:\/\/schema.org","@graph":[{"@type":"Article","@id":"https:\/\/komvak.sk\/hu\/vizvezetek-halozat-kiepitese-kabatfalu-nova-osada-varosreszben\/#article","isPartOf":{"@id":"https:\/\/komvak.sk\/hu\/vizvezetek-halozat-kiepitese-kabatfalu-nova-osada-varosreszben\/"},"author":{"name":"admin","@id":"https:\/\/komvak.sk\/hu\/#\/schema\/person\/161b5be0b084105024b9948e715cb8bb"},"headline":"V\u00edzvezet\u00e9k-h\u00e1l\u00f3zat ki\u00e9p\u00edt\u00e9se Kab\u00e1tfalu (Nov\u00e1 Osada) v\u00e1rosr\u00e9szben","datePublished":"2022-03-22T12:58:46+00:00","dateModified":"2022-07-01T10:23:09+00:00","mainEntityOfPage":{"@id":"https:\/\/komvak.sk\/hu\/vizvezetek-halozat-kiepitese-kabatfalu-nova-osada-varosreszben\/"},"wordCount":165,"publisher":{"@id":"https:\/\/komvak.sk\/hu\/#organization"},"image":{"@id":"https:\/\/komvak.sk\/hu\/vizvezetek-halozat-kiepitese-kabatfalu-nova-osada-varosreszben\/#primaryimage"},"thumbnailUrl":"https:\/\/komvak.sk\/wp-content\/uploads\/article-04.jpeg","articleSection":["H\u00edrek"],"inLanguage":"hu"},{"@type":"WebPage","@id":"https:\/\/komvak.sk\/hu\/vizvezetek-halozat-kiepitese-kabatfalu-nova-osada-varosreszben\/","url":"https:\/\/komvak.sk\/hu\/vizvezetek-halozat-kiepitese-kabatfalu-nova-osada-varosreszben\/","name":"V\u00edzvezet\u00e9k-h\u00e1l\u00f3zat ki\u00e9p\u00edt\u00e9se Kab\u00e1tfalu (Nov\u00e1 Osada) v\u00e1rosr\u00e9szben &#8226; KOMVak","isPartOf":{"@id":"https:\/\/komvak.sk\/hu\/#website"},"primaryImageOfPage":{"@id":"https:\/\/komvak.sk\/hu\/vizvezetek-halozat-kiepitese-kabatfalu-nova-osada-varosreszben\/#primaryimage"},"image":{"@id":"https:\/\/komvak.sk\/hu\/vizvezetek-halozat-kiepitese-kabatfalu-nova-osada-varosreszben\/#primaryimage"},"thumbnailUrl":"https:\/\/komvak.sk\/wp-content\/uploads\/article-04.jpeg","datePublished":"2022-03-22T12:58:46+00:00","dateModified":"2022-07-01T10:23:09+00:00","breadcrumb":{"@id":"https:\/\/komvak.sk\/hu\/vizvezetek-halozat-kiepitese-kabatfalu-nova-osada-varosreszben\/#breadcrumb"},"inLanguage":"hu","potentialAction":[{"@type":"ReadAction","target":["https:\/\/komvak.sk\/hu\/vizvezetek-halozat-kiepitese-kabatfalu-nova-osada-varosreszben\/"]}]},{"@type":"ImageObject","inLanguage":"hu","@id":"https:\/\/komvak.sk\/hu\/vizvezetek-halozat-kiepitese-kabatfalu-nova-osada-varosreszben\/#primaryimage","url":"https:\/\/komvak.sk\/wp-content\/uploads\/article-04.jpeg","contentUrl":"https:\/\/komvak.sk\/wp-content\/uploads\/article-04.jpeg","width":400,"height":272},{"@type":"BreadcrumbList","@id":"https:\/\/komvak.sk\/hu\/vizvezetek-halozat-kiepitese-kabatfalu-nova-osada-varosreszben\/#breadcrumb","itemListElement":[{"@type":"ListItem","position":1,"name":"Home","item":"https:\/\/komvak.sk\/hu\/"},{"@type":"ListItem","position":2,"name":"V\u00edzvezet\u00e9k-h\u00e1l\u00f3zat ki\u00e9p\u00edt\u00e9se Kab\u00e1tfalu (Nov\u00e1 Osada) v\u00e1rosr\u00e9szben"}]},{"@type":"WebSite","@id":"https:\/\/komvak.sk\/hu\/#website","url":"https:\/\/komvak.sk\/hu\/","name":"KOMVak","description":"Vod\u00e1rne a kanaliz\u00e1cie mesta Kom\u00e1rna, a.s.","publisher":{"@id":"https:\/\/komvak.sk\/hu\/#organization"},"potentialAction":[{"@type":"SearchAction","target":{"@type":"EntryPoint","urlTemplate":"https:\/\/komvak.sk\/hu\/?s={search_term_string}"},"query-input":{"@type":"PropertyValueSpecification","valueRequired":true,"valueName":"search_term_string"}}],"inLanguage":"hu"},{"@type":"Organization","@id":"https:\/\/komvak.sk\/hu\/#organization","name":"KOMVaK - Vod\u00e1rne a kanaliz\u00e1cie mesta Kom\u00e1rna, a.s.","url":"https:\/\/komvak.sk\/hu\/","logo":{"@type":"ImageObject","inLanguage":"hu","@id":"https:\/\/komvak.sk\/hu\/#\/schema\/logo\/image\/","url":"https:\/\/komvak.sk\/wp-content\/uploads\/KOMVak_logo.png","contentUrl":"https:\/\/komvak.sk\/wp-content\/uploads\/KOMVak_logo.png","width":948,"height":619,"caption":"KOMVaK - Vod\u00e1rne a kanaliz\u00e1cie mesta Kom\u00e1rna, a.s."},"image":{"@id":"https:\/\/komvak.sk\/hu\/#\/schema\/logo\/image\/"},"sameAs":["https:\/\/www.facebook.com\/KOMVaKKomarno"]},{"@type":"Person","@id":"https:\/\/komvak.sk\/hu\/#\/schema\/person\/161b5be0b084105024b9948e715cb8bb","name":"admin","image":{"@type":"ImageObject","inLanguage":"hu","@id":"https:\/\/secure.gravatar.com\/avatar\/65f2c3a7a003521cded3b9febc6f07578bf8c0745c7edea0b3031d0c3f0305e9?s=96&d=mm&r=g","url":"https:\/\/secure.gravatar.com\/avatar\/65f2c3a7a003521cded3b9febc6f07578bf8c0745c7edea0b3031d0c3f0305e9?s=96&d=mm&r=g","contentUrl":"https:\/\/secure.gravatar.com\/avatar\/65f2c3a7a003521cded3b9febc6f07578bf8c0745c7edea0b3031d0c3f0305e9?s=96&d=mm&r=g","caption":"admin"}}]}},"_links":{"self":[{"href":"https:\/\/komvak.sk\/hu\/wp-json\/wp\/v2\/posts\/3585","targetHints":{"allow":["GET"]}}],"collection":[{"href":"https:\/\/komvak.sk\/hu\/wp-json\/wp\/v2\/posts"}],"about":[{"href":"https:\/\/komvak.sk\/hu\/wp-json\/wp\/v2\/types\/post"}],"author":[{"embeddable":true,"href":"https:\/\/komvak.sk\/hu\/wp-json\/wp\/v2\/users\/1"}],"replies":[{"embeddable":true,"href":"https:\/\/komvak.sk\/hu\/wp-json\/wp\/v2\/comments?post=3585"}],"version-history":[{"count":0,"href":"https:\/\/komvak.sk\/hu\/wp-json\/wp\/v2\/posts\/3585\/revisions"}],"wp:featuredmedia":[{"embeddable":true,"href":"https:\/\/komvak.sk\/hu\/wp-json\/wp\/v2\/media\/823"}],"wp:attachment":[{"href":"https:\/\/komvak.sk\/hu\/wp-json\/wp\/v2\/media?parent=3585"}],"wp:term":[{"taxonomy":"category","embeddable":true,"href":"https:\/\/komvak.sk\/hu\/wp-json\/wp\/v2\/categories?post=3585"},{"taxonomy":"post_tag","embeddable":true,"href":"https:\/\/komvak.sk\/hu\/wp-json\/wp\/v2\/tags?post=3585"}],"curies":[{"name":"wp","href":"https:\/\/api.w.org\/{rel}","templated":true}]}}