{"id":5636,"date":"2022-09-23T08:50:51","date_gmt":"2022-09-23T06:50:51","guid":{"rendered":"https:\/\/komvak.sk\/oszi-feregtelenites\/"},"modified":"2022-09-27T14:48:56","modified_gmt":"2022-09-27T12:48:56","slug":"oszi-feregtelenites","status":"publish","type":"post","link":"https:\/\/komvak.sk\/hu\/oszi-feregtelenites\/","title":{"rendered":"\u0150szi fe\u0301regteleni\u0301te\u0301s"},"content":{"rendered":"\n<div class=\"l7ghb35v kjdc1dyq kmwttqpk gh25dzvf jikcssrz n3t5jt4f\">\n<p dir=\"auto\">KOMVaK \u2013 Koma\u0301rom va\u0301ros Vi\u0301z- e\u0301s Csatornamu\u030bvei Rt. e\u0301rtesi\u0301ti a lakossa\u0301got, hogy 2022. szeptember 26. e\u0301s okt\u00f3ber 21. ko\u0308zo\u0308tti ido\u030bszakban Koma\u0301rom teru\u0308lete\u0301n \u00e9s a k\u00fclter\u00fcleteken a csatornaha\u0301lo\u0301zat \u00e9s a lak\u00f3h\u00e1zak (az Alternat\u00edva \u00e9s a Handimex \u00e1ltal kezelt lak\u00e1sok) r\u00e1k\u00f6t\u00e9seinek a\u0301ltala\u0301nos, \u0151szi fe\u0301regteleni\u0301te\u0301se\u0301t (deratiza\u0301cio\u0301ja\u0301t) fogjuk elve\u0301gezni.<\/p>\n<\/div>\n<div class=\"l7ghb35v kjdc1dyq kmwttqpk gh25dzvf jikcssrz n3t5jt4f\">\n<p dir=\"auto\">Eg\u00e9szs\u00e9gre vesz\u00e9lyes lehet, ha a csal\u00e9tket elfogyasztj\u00e1k vagy b\u0151rrel \u00e9rintkezik \u2013 ez\u00e9rt k\u00e9rj\u00fck a lakoss\u00e1got, hogy a kihelyezett csal\u00e9tekkel ne manipul\u00e1ljanak, a gyerekeket \u00e9s a h\u00e1zi\u00e1llatokat tarts\u00e1k t\u00e1vol t\u0151le.<\/p>\n<div class=\"l7ghb35v kjdc1dyq kmwttqpk gh25dzvf jikcssrz n3t5jt4f\">\n<div dir=\"auto\">MENETREND:<\/div>\n<div dir=\"auto\">2022. 9. 26.<\/div>\n<div dir=\"auto\">Nagy\u00e9r sor<\/div>\n<div dir=\"auto\">V\u00edz utca<\/div>\n<div dir=\"auto\">M\u00e9ly utca<\/div>\n<div dir=\"auto\">Haj\u00f3s utca<\/div>\n<\/div>\n<div class=\"l7ghb35v kjdc1dyq kmwttqpk gh25dzvf jikcssrz n3t5jt4f\">\n<div dir=\"auto\">2022. 9. 27.<\/div>\n<div dir=\"auto\">R\u00e1k\u00f3czi utca<\/div>\n<div dir=\"auto\">Kossuth t\u00e9r<\/div>\n<\/div>\n<div class=\"l7ghb35v kjdc1dyq kmwttqpk gh25dzvf jikcssrz n3t5jt4f\">\n<div dir=\"auto\">2022. 9. 28.<\/div>\n<div dir=\"auto\">Damjanich utca<\/div>\n<div dir=\"auto\">Mester utca<\/div>\n<div dir=\"auto\">T\u00f3 utca<\/div>\n<div dir=\"auto\">Szek\u00e9r utca<\/div>\n<div dir=\"auto\">V\u00e1g utca<\/div>\n<\/div>\n<div class=\"l7ghb35v kjdc1dyq kmwttqpk gh25dzvf jikcssrz n3t5jt4f\">\n<div dir=\"auto\">2022. 9. 29.<\/div>\n<div dir=\"auto\">Bels\u0151 k\u00f6r\u00fat<\/div>\n<div dir=\"auto\">Ny\u00e1r utca<\/div>\n<div dir=\"auto\">Cs\u00e1k M\u00e1t\u00e9 utca<\/div>\n<div dir=\"auto\">Gombai utca, Husz J. utca<\/div>\n<div dir=\"auto\">Csokonai utca, Z\u00e1mory utca<\/div>\n<\/div>\n<div class=\"l7ghb35v kjdc1dyq kmwttqpk gh25dzvf jikcssrz n3t5jt4f\">\n<div dir=\"auto\">2022. 9. 30.<\/div>\n<div dir=\"auto\">Sport utca<\/div>\n<div dir=\"auto\">V\u00e1r utca<\/div>\n<div dir=\"auto\">Doh\u00e1ny utca<\/div>\n<div dir=\"auto\">G\u0151z utca<\/div>\n<div dir=\"auto\">Villanytelepi \u00fat<\/div>\n<\/div>\n<div class=\"l7ghb35v kjdc1dyq kmwttqpk gh25dzvf jikcssrz n3t5jt4f\">\n<div dir=\"auto\">2022. 10. 3.<\/div>\n<div dir=\"auto\">V\u00e1ros k\u00f6zpont \u2013 Duna utca<\/div>\n<div dir=\"auto\">N\u00e1dor utca<\/div>\n<div dir=\"auto\">Iskola utca<\/div>\n<div dir=\"auto\">Csap\u00f3 utca<\/div>\n<div dir=\"auto\">Megye utca<\/div>\n<div dir=\"auto\">J\u00f3kai utca<\/div>\n<div dir=\"auto\">Eur\u00f3pa udvar<\/div>\n<\/div>\n<div class=\"l7ghb35v kjdc1dyq kmwttqpk gh25dzvf jikcssrz n3t5jt4f\">\n<div dir=\"auto\">2022. 10. 4.<\/div>\n<div dir=\"auto\">Ferencesek utc\u00e1ja<\/div>\n<div dir=\"auto\">Hat\u00e1r\u0151r utca<\/div>\n<div dir=\"auto\">Kapit\u00e1ny utca<\/div>\n<div dir=\"auto\">Kert\u00e9sz utca<\/div>\n<\/div>\n<div class=\"l7ghb35v kjdc1dyq kmwttqpk gh25dzvf jikcssrz n3t5jt4f\">\n<div dir=\"auto\">2022. 10. 5<\/div>\n<div dir=\"auto\">\u0160tef\u00e1nik t\u00e9r<\/div>\n<div dir=\"auto\">Leh\u00e1r utca<\/div>\n<div dir=\"auto\">Szent Andr\u00e1s utca<\/div>\n<div dir=\"auto\">L\u00fadpiac t\u00e9r<\/div>\n<\/div>\n<div class=\"l7ghb35v kjdc1dyq kmwttqpk gh25dzvf jikcssrz n3t5jt4f\">\n<div dir=\"auto\">2022. 10. 6.<\/div>\n<div dir=\"auto\">Duna rakpart<\/div>\n<div dir=\"auto\">V\u00e1rsor utca<\/div>\n<div dir=\"auto\">Hal\u00e1sz utca<\/div>\n<div dir=\"auto\">Kalapos utca<\/div>\n<\/div>\n<div class=\"l7ghb35v kjdc1dyq kmwttqpk gh25dzvf jikcssrz n3t5jt4f\">\n<div dir=\"auto\">2022. 10. 7.<\/div>\n<div dir=\"auto\">Polg\u00e1r utca<\/div>\n<div dir=\"auto\">Fazekas utca<\/div>\n<div dir=\"auto\">Szekf\u0171 utca<\/div>\n<div dir=\"auto\">Szent J\u00e1nos utca<\/div>\n<\/div>\n<div class=\"l7ghb35v kjdc1dyq kmwttqpk gh25dzvf jikcssrz n3t5jt4f\">\n<div dir=\"auto\">2022. 10. 10.<\/div>\n<div dir=\"auto\">Seress utca<\/div>\n<div dir=\"auto\">Csillag utca<\/div>\n<div dir=\"auto\">Dob utca<\/div>\n<div dir=\"auto\">P\u00e1va utca<\/div>\n<\/div>\n<div class=\"l7ghb35v kjdc1dyq kmwttqpk gh25dzvf jikcssrz n3t5jt4f\">\n<div dir=\"auto\">2022. 10. 11.<\/div>\n<div dir=\"auto\">E\u00f6tv\u00f6s utca<\/div>\n<div dir=\"auto\">Aranyember utca<\/div>\n<div dir=\"auto\">Rozmaring utca<\/div>\n<\/div>\n<div class=\"l7ghb35v kjdc1dyq kmwttqpk gh25dzvf jikcssrz n3t5jt4f\">\n<div dir=\"auto\">2022. 10. 12.<\/div>\n<div dir=\"auto\">Cseh utca<\/div>\n<div dir=\"auto\">\u00c9p\u00edt\u00e9sz utca<\/div>\n<div dir=\"auto\">Mad\u00e1ch utca<\/div>\n<div dir=\"auto\">F\u00fcrd\u0151 utca<\/div>\n<div dir=\"auto\">N\u00e1dor utca \u2013 hetes lak\u00f3telep<\/div>\n<\/div>\n<div class=\"l7ghb35v kjdc1dyq kmwttqpk gh25dzvf jikcssrz n3t5jt4f\">\n<div dir=\"auto\">2022. 10. 13-14.<\/div>\n<div dir=\"auto\">Ispot\u00e1ly utca<\/div>\n<div dir=\"auto\">\u0160t\u00far utca<\/div>\n<div dir=\"auto\">Kir\u00e1ly p\u00fcsp\u00f6k utca<\/div>\n<\/div>\n<div class=\"l7ghb35v kjdc1dyq kmwttqpk gh25dzvf jikcssrz n3t5jt4f\">\n<div dir=\"auto\">2022. 10. 17.<\/div>\n<div dir=\"auto\">Temet\u0151 sor<\/div>\n<div dir=\"auto\">Gazda utca<\/div>\n<\/div>\n<div class=\"l7ghb35v kjdc1dyq kmwttqpk gh25dzvf jikcssrz n3t5jt4f\">\n<div dir=\"auto\">2022. 10. 18.<\/div>\n<div dir=\"auto\">Sz\u00e9na t\u00e9r<\/div>\n<div dir=\"auto\">Pet\u0151fi utca<\/div>\n<div dir=\"auto\">\u00c1llom\u00e1s utca<\/div>\n<\/div>\n<div class=\"l7ghb35v kjdc1dyq kmwttqpk gh25dzvf jikcssrz n3t5jt4f\">\n<div dir=\"auto\">2022. 10. 19.<\/div>\n<div dir=\"auto\">Megyercsi utca<\/div>\n<\/div>\n<div class=\"l7ghb35v kjdc1dyq kmwttqpk gh25dzvf jikcssrz n3t5jt4f\">\n<div dir=\"auto\">2022. 10. 20-21.<\/div>\n<div dir=\"auto\">Be\u00f6thy utca<\/div>\n<div dir=\"auto\">Roz\u00e1lia t\u00e9r<\/div>\n<div dir=\"auto\">Komensky utca<\/div>\n<\/div>\n<div class=\"l7ghb35v kjdc1dyq kmwttqpk gh25dzvf jikcssrz n3t5jt4f\">\n<div dir=\"auto\">2022. 10. 24.<\/div>\n<div dir=\"auto\">T\u00e9l utca<\/div>\n<div dir=\"auto\">Kis\u00e9r sor<\/div>\n<div dir=\"auto\">Munka utca<\/div>\n<\/div>\n<div class=\"l7ghb35v kjdc1dyq kmwttqpk gh25dzvf jikcssrz n3t5jt4f\">\n<div dir=\"auto\">2022. 10. 25.<\/div>\n<div dir=\"auto\">Vas\u00fat utca<\/div>\n<div dir=\"auto\">Kassai utca<\/div>\n<\/div>\n<div class=\"l7ghb35v kjdc1dyq kmwttqpk gh25dzvf jikcssrz n3t5jt4f\">\n<div dir=\"auto\">2022. 10. 26.<\/div>\n<div dir=\"auto\">N\u00e1das utca<\/div>\n<div dir=\"auto\">Kom\u00e1romi utca<\/div>\n<div dir=\"auto\">Hold utca<\/div>\n<div dir=\"auto\">Nap utca<\/div>\n<div dir=\"auto\">Sug\u00e1r utca<\/div>\n<div dir=\"auto\">Nagy sor<\/div>\n<\/div>\n<div class=\"l7ghb35v kjdc1dyq kmwttqpk gh25dzvf jikcssrz n3t5jt4f\">\n<div dir=\"auto\">2022. 10. 27.<\/div>\n<div dir=\"auto\">Augusztus 29. utca<\/div>\n<div dir=\"auto\">Ny\u00e1rfa utca<\/div>\n<div dir=\"auto\">Singell\u0151 &#8211; 1. szakasz<\/div>\n<\/div>\n<div class=\"l7ghb35v kjdc1dyq kmwttqpk gh25dzvf jikcssrz n3t5jt4f\">\n<div dir=\"auto\">2022. 10. 28.<\/div>\n<div dir=\"auto\">Klapka utca<\/div>\n<div dir=\"auto\">Selye utca<\/div>\n<div dir=\"auto\">K. Nagy utca<\/div>\n<\/div>\n<div class=\"l7ghb35v kjdc1dyq kmwttqpk gh25dzvf jikcssrz n3t5jt4f\">\n<div dir=\"auto\">2022. 10. 31.<\/div>\n<div dir=\"auto\">\u00d6nt\u00f6de utca<\/div>\n<div dir=\"auto\">K\u00f6z\u00e9ps\u0151 utca<\/div>\n<div dir=\"auto\">Kom\u00e1romi Kacz utca<\/div>\n<div dir=\"auto\">Singell\u0151 &#8211; II. szakasz<\/div>\n<\/div>\n<div class=\"l7ghb35v kjdc1dyq kmwttqpk gh25dzvf jikcssrz n3t5jt4f\">\n<div dir=\"auto\">2022. 11. 1.<\/div>\n<div dir=\"auto\">I. lak\u00f3telep \u2013 E.B.Luk\u00e1cs utca<\/div>\n<\/div>\n<div class=\"l7ghb35v kjdc1dyq kmwttqpk gh25dzvf jikcssrz n3t5jt4f\">\n<div dir=\"auto\">2022. 11. 2.<\/div>\n<div dir=\"auto\">Bar\u00e1ts\u00e1g utca<\/div>\n<div dir=\"auto\">Ifj\u00fas\u00e1g utca<\/div>\n<div dir=\"auto\">Szakszervezet utca<\/div>\n<div dir=\"auto\">Eszterg\u00e1lyos utca<\/div>\n<\/div>\n<div class=\"l7ghb35v kjdc1dyq kmwttqpk gh25dzvf jikcssrz n3t5jt4f\">\n<div dir=\"auto\">2022. 11. 3.<\/div>\n<div dir=\"auto\">II. lak\u00f3telep \u2013 B\u00e9ke utca<\/div>\n<\/div>\n<div class=\"l7ghb35v kjdc1dyq kmwttqpk gh25dzvf jikcssrz n3t5jt4f\">\n<div dir=\"auto\">2022. 11. 4.<\/div>\n<div dir=\"auto\">Hegeszt\u0151k utca<\/div>\n<div dir=\"auto\">Udvaros utca<\/div>\n<div dir=\"auto\">\u00c9p\u00edt\u0151k utc\u00e1ja<\/div>\n<\/div>\n<div class=\"l7ghb35v kjdc1dyq kmwttqpk gh25dzvf jikcssrz n3t5jt4f\">\n<div dir=\"auto\">2022. 11. 7.<\/div>\n<div dir=\"auto\">Bauring \u2013 Hviezdoslav utca<\/div>\n<\/div>\n<div class=\"l7ghb35v kjdc1dyq kmwttqpk gh25dzvf jikcssrz n3t5jt4f\">\n<div dir=\"auto\">2022. 11. 8.<\/div>\n<div dir=\"auto\">Sz\u00f6vetkezet utca<\/div>\n<div dir=\"auto\">Ipar utca<\/div>\n<div dir=\"auto\">Di\u00f3fa sor<\/div>\n<\/div>\n<div class=\"l7ghb35v kjdc1dyq kmwttqpk gh25dzvf jikcssrz n3t5jt4f\">\n<div dir=\"auto\">2022. 11. 9.<\/div>\n<div dir=\"auto\">Szabads\u00e1g utca + \u00f6reg Bene<\/div>\n<\/div>\n<div class=\"l7ghb35v kjdc1dyq kmwttqpk gh25dzvf jikcssrz n3t5jt4f\">\n<div dir=\"auto\">2022. 11. 10.<\/div>\n<div dir=\"auto\">Mez\u0151gazdas\u00e1gi iskola utca<\/div>\n<\/div>\n<div class=\"l7ghb35v kjdc1dyq kmwttqpk gh25dzvf jikcssrz n3t5jt4f\">\n<div dir=\"auto\">2022. 11. 11.<\/div>\n<div dir=\"auto\">\u00daj Bene \u2013 Prowazek utca<\/div>\n<\/div>\n<div class=\"l7ghb35v kjdc1dyq kmwttqpk gh25dzvf jikcssrz n3t5jt4f\">\n<div dir=\"auto\">2022. 11. 14.<\/div>\n<div dir=\"auto\">\u0150rs\u00fajfalu \u2013 Kertekalja utca<\/div>\n<\/div>\n<div class=\"l7ghb35v kjdc1dyq kmwttqpk gh25dzvf jikcssrz n3t5jt4f\">\n<div dir=\"auto\">2022. 11. 15.<\/div>\n<div dir=\"auto\">F\u0151 utca<\/div>\n<\/div>\n<div class=\"l7ghb35v kjdc1dyq kmwttqpk gh25dzvf jikcssrz n3t5jt4f\">\n<div dir=\"auto\">2022. 11. 16.<\/div>\n<div dir=\"auto\">Gad\u00f3c<\/div>\n<\/div>\n<div class=\"l7ghb35v kjdc1dyq kmwttqpk gh25dzvf jikcssrz n3t5jt4f\">\n<div dir=\"auto\">2022. 11. 17.<\/div>\n<div dir=\"auto\">Harcs\u00e1s<\/div>\n<\/div>\n<div class=\"l7ghb35v kjdc1dyq kmwttqpk gh25dzvf jikcssrz n3t5jt4f\">\n<div dir=\"auto\">2022. 11. 18.<\/div>\n<div dir=\"auto\">Kisizsa<\/div>\n<div dir=\"auto\">Gyulamajor &#8211; F\u0151 utca<\/div>\n<div dir=\"auto\">K\u00f6z\u00e9ps\u0151 utca<\/div>\n<div dir=\"auto\">Cserh\u00e1t<\/div>\n<\/div>\n<\/div>\n\n\n\n<figure class=\"wp-block-image size-large\"><img loading=\"lazy\" decoding=\"async\" width=\"1024\" height=\"536\" src=\"https:\/\/komvak.sk\/wp-content\/uploads\/\/Voda\u0301rne-a-kanaliza\u0301cie-mesta-Koma\u0301rna-a.s.-\u2013-ko\u0301pia-2-1024x536.png\" alt=\"\" class=\"wp-image-5668\" srcset=\"https:\/\/komvak.sk\/wp-content\/uploads\/Voda\u0301rne-a-kanaliza\u0301cie-mesta-Koma\u0301rna-a.s.-\u2013-ko\u0301pia-2-1024x536.png 1024w, https:\/\/komvak.sk\/wp-content\/uploads\/Voda\u0301rne-a-kanaliza\u0301cie-mesta-Koma\u0301rna-a.s.-\u2013-ko\u0301pia-2-300x157.png 300w, https:\/\/komvak.sk\/wp-content\/uploads\/Voda\u0301rne-a-kanaliza\u0301cie-mesta-Koma\u0301rna-a.s.-\u2013-ko\u0301pia-2-768x402.png 768w, https:\/\/komvak.sk\/wp-content\/uploads\/Voda\u0301rne-a-kanaliza\u0301cie-mesta-Koma\u0301rna-a.s.-\u2013-ko\u0301pia-2.png 1200w\" sizes=\"auto, (max-width: 1024px) 100vw, 1024px\" \/><\/figure>\n","protected":false},"excerpt":{"rendered":"<p>KOMVaK \u2013 Koma\u0301rom va\u0301ros Vi\u0301z- e\u0301s Csatornamu\u030bvei Rt. e\u0301rtesi\u0301ti a lakossa\u0301got, hogy 2022. szeptember 26. e\u0301s okt\u00f3ber 21. ko\u0308zo\u0308tti ido\u030bszakban Koma\u0301rom teru\u0308lete\u0301n \u00e9s a k\u00fclter\u00fcleteken a csatornaha\u0301lo\u0301zat \u00e9s a lak\u00f3h\u00e1zak (az Alternat\u00edva \u00e9s a Handimex \u00e1ltal kezelt lak\u00e1sok) r\u00e1k\u00f6t\u00e9seinek a\u0301ltala\u0301nos, \u0151szi fe\u0301regteleni\u0301te\u0301se\u0301t (deratiza\u0301cio\u0301ja\u0301t) fogjuk elve\u0301gezni. Eg\u00e9szs\u00e9gre vesz\u00e9lyes lehet, ha a csal\u00e9tket elfogyasztj\u00e1k vagy b\u0151rrel \u00e9rintkezik [&#8230;]\n","protected":false},"author":1,"featured_media":5668,"comment_status":"closed","ping_status":"closed","sticky":false,"template":"","format":"standard","meta":{"footnotes":""},"categories":[28],"tags":[],"class_list":["post-5636","post","type-post","status-publish","format-standard","has-post-thumbnail","hentry","category-hirek"],"yoast_head":"<!-- This site is optimized with the Yoast SEO plugin v27.3 - https:\/\/yoast.com\/product\/yoast-seo-wordpress\/ -->\n<title>\u0150szi fe\u0301regteleni\u0301te\u0301s &#8226; KOMVak<\/title>\n<meta name=\"robots\" content=\"index, follow, max-snippet:-1, max-image-preview:large, max-video-preview:-1\" \/>\n<link rel=\"canonical\" href=\"https:\/\/komvak.sk\/hu\/oszi-feregtelenites\/\" \/>\n<meta property=\"og:locale\" content=\"hu_HU\" \/>\n<meta property=\"og:type\" content=\"article\" \/>\n<meta property=\"og:title\" content=\"\u0150szi fe\u0301regteleni\u0301te\u0301s &#8226; KOMVak\" \/>\n<meta property=\"og:description\" content=\"KOMVaK \u2013 Koma\u0301rom va\u0301ros Vi\u0301z- e\u0301s Csatornamu\u030bvei Rt. e\u0301rtesi\u0301ti a lakossa\u0301got, hogy 2022. szeptember 26. e\u0301s okt\u00f3ber 21. ko\u0308zo\u0308tti ido\u030bszakban Koma\u0301rom teru\u0308lete\u0301n \u00e9s a k\u00fclter\u00fcleteken a csatornaha\u0301lo\u0301zat \u00e9s a lak\u00f3h\u00e1zak (az Alternat\u00edva \u00e9s a Handimex \u00e1ltal kezelt lak\u00e1sok) r\u00e1k\u00f6t\u00e9seinek a\u0301ltala\u0301nos, \u0151szi fe\u0301regteleni\u0301te\u0301se\u0301t (deratiza\u0301cio\u0301ja\u0301t) fogjuk elve\u0301gezni. Eg\u00e9szs\u00e9gre vesz\u00e9lyes lehet, ha a csal\u00e9tket elfogyasztj\u00e1k vagy b\u0151rrel \u00e9rintkezik [...]\" \/>\n<meta property=\"og:url\" content=\"https:\/\/komvak.sk\/hu\/oszi-feregtelenites\/\" \/>\n<meta property=\"og:site_name\" content=\"KOMVak\" \/>\n<meta property=\"article:publisher\" content=\"https:\/\/www.facebook.com\/KOMVaKKomarno\" \/>\n<meta property=\"article:published_time\" content=\"2022-09-23T06:50:51+00:00\" \/>\n<meta property=\"article:modified_time\" content=\"2022-09-27T12:48:56+00:00\" \/>\n<meta property=\"og:image\" content=\"https:\/\/komvak.sk\/wp-content\/uploads\/Voda\u0301rne-a-kanaliza\u0301cie-mesta-Koma\u0301rna-a.s.-\u2013-ko\u0301pia-2.png\" \/>\n\t<meta property=\"og:image:width\" content=\"1200\" \/>\n\t<meta property=\"og:image:height\" content=\"628\" \/>\n\t<meta property=\"og:image:type\" content=\"image\/png\" \/>\n<meta name=\"author\" content=\"admin\" \/>\n<meta name=\"twitter:card\" content=\"summary_large_image\" \/>\n<meta name=\"twitter:label1\" content=\"Szerz\u0151:\" \/>\n\t<meta name=\"twitter:data1\" content=\"admin\" \/>\n\t<meta name=\"twitter:label2\" content=\"Becs\u00fclt olvas\u00e1si id\u0151\" \/>\n\t<meta name=\"twitter:data2\" content=\"3 perc\" \/>\n<script type=\"application\/ld+json\" class=\"yoast-schema-graph\">{\"@context\":\"https:\\\/\\\/schema.org\",\"@graph\":[{\"@type\":\"Article\",\"@id\":\"https:\\\/\\\/komvak.sk\\\/hu\\\/oszi-feregtelenites\\\/#article\",\"isPartOf\":{\"@id\":\"https:\\\/\\\/komvak.sk\\\/hu\\\/oszi-feregtelenites\\\/\"},\"author\":{\"name\":\"admin\",\"@id\":\"https:\\\/\\\/komvak.sk\\\/hu\\\/#\\\/schema\\\/person\\\/161b5be0b084105024b9948e715cb8bb\"},\"headline\":\"\u0150szi fe\u0301regteleni\u0301te\u0301s\",\"datePublished\":\"2022-09-23T06:50:51+00:00\",\"dateModified\":\"2022-09-27T12:48:56+00:00\",\"mainEntityOfPage\":{\"@id\":\"https:\\\/\\\/komvak.sk\\\/hu\\\/oszi-feregtelenites\\\/\"},\"wordCount\":480,\"publisher\":{\"@id\":\"https:\\\/\\\/komvak.sk\\\/hu\\\/#organization\"},\"image\":{\"@id\":\"https:\\\/\\\/komvak.sk\\\/hu\\\/oszi-feregtelenites\\\/#primaryimage\"},\"thumbnailUrl\":\"https:\\\/\\\/komvak.sk\\\/wp-content\\\/uploads\\\/Voda\u0301rne-a-kanaliza\u0301cie-mesta-Koma\u0301rna-a.s.-\u2013-ko\u0301pia-2.png\",\"articleSection\":[\"H\u00edrek\"],\"inLanguage\":\"hu\"},{\"@type\":\"WebPage\",\"@id\":\"https:\\\/\\\/komvak.sk\\\/hu\\\/oszi-feregtelenites\\\/\",\"url\":\"https:\\\/\\\/komvak.sk\\\/hu\\\/oszi-feregtelenites\\\/\",\"name\":\"\u0150szi fe\u0301regteleni\u0301te\u0301s &#8226; KOMVak\",\"isPartOf\":{\"@id\":\"https:\\\/\\\/komvak.sk\\\/hu\\\/#website\"},\"primaryImageOfPage\":{\"@id\":\"https:\\\/\\\/komvak.sk\\\/hu\\\/oszi-feregtelenites\\\/#primaryimage\"},\"image\":{\"@id\":\"https:\\\/\\\/komvak.sk\\\/hu\\\/oszi-feregtelenites\\\/#primaryimage\"},\"thumbnailUrl\":\"https:\\\/\\\/komvak.sk\\\/wp-content\\\/uploads\\\/Voda\u0301rne-a-kanaliza\u0301cie-mesta-Koma\u0301rna-a.s.-\u2013-ko\u0301pia-2.png\",\"datePublished\":\"2022-09-23T06:50:51+00:00\",\"dateModified\":\"2022-09-27T12:48:56+00:00\",\"breadcrumb\":{\"@id\":\"https:\\\/\\\/komvak.sk\\\/hu\\\/oszi-feregtelenites\\\/#breadcrumb\"},\"inLanguage\":\"hu\",\"potentialAction\":[{\"@type\":\"ReadAction\",\"target\":[\"https:\\\/\\\/komvak.sk\\\/hu\\\/oszi-feregtelenites\\\/\"]}]},{\"@type\":\"ImageObject\",\"inLanguage\":\"hu\",\"@id\":\"https:\\\/\\\/komvak.sk\\\/hu\\\/oszi-feregtelenites\\\/#primaryimage\",\"url\":\"https:\\\/\\\/komvak.sk\\\/wp-content\\\/uploads\\\/Voda\u0301rne-a-kanaliza\u0301cie-mesta-Koma\u0301rna-a.s.-\u2013-ko\u0301pia-2.png\",\"contentUrl\":\"https:\\\/\\\/komvak.sk\\\/wp-content\\\/uploads\\\/Voda\u0301rne-a-kanaliza\u0301cie-mesta-Koma\u0301rna-a.s.-\u2013-ko\u0301pia-2.png\",\"width\":1200,\"height\":628},{\"@type\":\"BreadcrumbList\",\"@id\":\"https:\\\/\\\/komvak.sk\\\/hu\\\/oszi-feregtelenites\\\/#breadcrumb\",\"itemListElement\":[{\"@type\":\"ListItem\",\"position\":1,\"name\":\"Home\",\"item\":\"https:\\\/\\\/komvak.sk\\\/hu\\\/\"},{\"@type\":\"ListItem\",\"position\":2,\"name\":\"\u0150szi fe\u0301regteleni\u0301te\u0301s\"}]},{\"@type\":\"WebSite\",\"@id\":\"https:\\\/\\\/komvak.sk\\\/hu\\\/#website\",\"url\":\"https:\\\/\\\/komvak.sk\\\/hu\\\/\",\"name\":\"KOMVak\",\"description\":\"Vod\u00e1rne a kanaliz\u00e1cie mesta Kom\u00e1rna, a.s.\",\"publisher\":{\"@id\":\"https:\\\/\\\/komvak.sk\\\/hu\\\/#organization\"},\"potentialAction\":[{\"@type\":\"SearchAction\",\"target\":{\"@type\":\"EntryPoint\",\"urlTemplate\":\"https:\\\/\\\/komvak.sk\\\/hu\\\/?s={search_term_string}\"},\"query-input\":{\"@type\":\"PropertyValueSpecification\",\"valueRequired\":true,\"valueName\":\"search_term_string\"}}],\"inLanguage\":\"hu\"},{\"@type\":\"Organization\",\"@id\":\"https:\\\/\\\/komvak.sk\\\/hu\\\/#organization\",\"name\":\"KOMVaK - Vod\u00e1rne a kanaliz\u00e1cie mesta Kom\u00e1rna, a.s.\",\"url\":\"https:\\\/\\\/komvak.sk\\\/hu\\\/\",\"logo\":{\"@type\":\"ImageObject\",\"inLanguage\":\"hu\",\"@id\":\"https:\\\/\\\/komvak.sk\\\/hu\\\/#\\\/schema\\\/logo\\\/image\\\/\",\"url\":\"https:\\\/\\\/komvak.sk\\\/wp-content\\\/uploads\\\/KOMVak_logo.png\",\"contentUrl\":\"https:\\\/\\\/komvak.sk\\\/wp-content\\\/uploads\\\/KOMVak_logo.png\",\"width\":948,\"height\":619,\"caption\":\"KOMVaK - Vod\u00e1rne a kanaliz\u00e1cie mesta Kom\u00e1rna, a.s.\"},\"image\":{\"@id\":\"https:\\\/\\\/komvak.sk\\\/hu\\\/#\\\/schema\\\/logo\\\/image\\\/\"},\"sameAs\":[\"https:\\\/\\\/www.facebook.com\\\/KOMVaKKomarno\"]},{\"@type\":\"Person\",\"@id\":\"https:\\\/\\\/komvak.sk\\\/hu\\\/#\\\/schema\\\/person\\\/161b5be0b084105024b9948e715cb8bb\",\"name\":\"admin\",\"image\":{\"@type\":\"ImageObject\",\"inLanguage\":\"hu\",\"@id\":\"https:\\\/\\\/secure.gravatar.com\\\/avatar\\\/65f2c3a7a003521cded3b9febc6f07578bf8c0745c7edea0b3031d0c3f0305e9?s=96&d=mm&r=g\",\"url\":\"https:\\\/\\\/secure.gravatar.com\\\/avatar\\\/65f2c3a7a003521cded3b9febc6f07578bf8c0745c7edea0b3031d0c3f0305e9?s=96&d=mm&r=g\",\"contentUrl\":\"https:\\\/\\\/secure.gravatar.com\\\/avatar\\\/65f2c3a7a003521cded3b9febc6f07578bf8c0745c7edea0b3031d0c3f0305e9?s=96&d=mm&r=g\",\"caption\":\"admin\"}}]}<\/script>\n<!-- \/ Yoast SEO plugin. -->","yoast_head_json":{"title":"\u0150szi fe\u0301regteleni\u0301te\u0301s &#8226; KOMVak","robots":{"index":"index","follow":"follow","max-snippet":"max-snippet:-1","max-image-preview":"max-image-preview:large","max-video-preview":"max-video-preview:-1"},"canonical":"https:\/\/komvak.sk\/hu\/oszi-feregtelenites\/","og_locale":"hu_HU","og_type":"article","og_title":"\u0150szi fe\u0301regteleni\u0301te\u0301s &#8226; KOMVak","og_description":"KOMVaK \u2013 Koma\u0301rom va\u0301ros Vi\u0301z- e\u0301s Csatornamu\u030bvei Rt. e\u0301rtesi\u0301ti a lakossa\u0301got, hogy 2022. szeptember 26. e\u0301s okt\u00f3ber 21. ko\u0308zo\u0308tti ido\u030bszakban Koma\u0301rom teru\u0308lete\u0301n \u00e9s a k\u00fclter\u00fcleteken a csatornaha\u0301lo\u0301zat \u00e9s a lak\u00f3h\u00e1zak (az Alternat\u00edva \u00e9s a Handimex \u00e1ltal kezelt lak\u00e1sok) r\u00e1k\u00f6t\u00e9seinek a\u0301ltala\u0301nos, \u0151szi fe\u0301regteleni\u0301te\u0301se\u0301t (deratiza\u0301cio\u0301ja\u0301t) fogjuk elve\u0301gezni. Eg\u00e9szs\u00e9gre vesz\u00e9lyes lehet, ha a csal\u00e9tket elfogyasztj\u00e1k vagy b\u0151rrel \u00e9rintkezik [...]","og_url":"https:\/\/komvak.sk\/hu\/oszi-feregtelenites\/","og_site_name":"KOMVak","article_publisher":"https:\/\/www.facebook.com\/KOMVaKKomarno","article_published_time":"2022-09-23T06:50:51+00:00","article_modified_time":"2022-09-27T12:48:56+00:00","og_image":[{"width":1200,"height":628,"url":"https:\/\/komvak.sk\/wp-content\/uploads\/Voda\u0301rne-a-kanaliza\u0301cie-mesta-Koma\u0301rna-a.s.-\u2013-ko\u0301pia-2.png","type":"image\/png"}],"author":"admin","twitter_card":"summary_large_image","twitter_misc":{"Szerz\u0151:":"admin","Becs\u00fclt olvas\u00e1si id\u0151":"3 perc"},"schema":{"@context":"https:\/\/schema.org","@graph":[{"@type":"Article","@id":"https:\/\/komvak.sk\/hu\/oszi-feregtelenites\/#article","isPartOf":{"@id":"https:\/\/komvak.sk\/hu\/oszi-feregtelenites\/"},"author":{"name":"admin","@id":"https:\/\/komvak.sk\/hu\/#\/schema\/person\/161b5be0b084105024b9948e715cb8bb"},"headline":"\u0150szi fe\u0301regteleni\u0301te\u0301s","datePublished":"2022-09-23T06:50:51+00:00","dateModified":"2022-09-27T12:48:56+00:00","mainEntityOfPage":{"@id":"https:\/\/komvak.sk\/hu\/oszi-feregtelenites\/"},"wordCount":480,"publisher":{"@id":"https:\/\/komvak.sk\/hu\/#organization"},"image":{"@id":"https:\/\/komvak.sk\/hu\/oszi-feregtelenites\/#primaryimage"},"thumbnailUrl":"https:\/\/komvak.sk\/wp-content\/uploads\/Voda\u0301rne-a-kanaliza\u0301cie-mesta-Koma\u0301rna-a.s.-\u2013-ko\u0301pia-2.png","articleSection":["H\u00edrek"],"inLanguage":"hu"},{"@type":"WebPage","@id":"https:\/\/komvak.sk\/hu\/oszi-feregtelenites\/","url":"https:\/\/komvak.sk\/hu\/oszi-feregtelenites\/","name":"\u0150szi fe\u0301regteleni\u0301te\u0301s &#8226; KOMVak","isPartOf":{"@id":"https:\/\/komvak.sk\/hu\/#website"},"primaryImageOfPage":{"@id":"https:\/\/komvak.sk\/hu\/oszi-feregtelenites\/#primaryimage"},"image":{"@id":"https:\/\/komvak.sk\/hu\/oszi-feregtelenites\/#primaryimage"},"thumbnailUrl":"https:\/\/komvak.sk\/wp-content\/uploads\/Voda\u0301rne-a-kanaliza\u0301cie-mesta-Koma\u0301rna-a.s.-\u2013-ko\u0301pia-2.png","datePublished":"2022-09-23T06:50:51+00:00","dateModified":"2022-09-27T12:48:56+00:00","breadcrumb":{"@id":"https:\/\/komvak.sk\/hu\/oszi-feregtelenites\/#breadcrumb"},"inLanguage":"hu","potentialAction":[{"@type":"ReadAction","target":["https:\/\/komvak.sk\/hu\/oszi-feregtelenites\/"]}]},{"@type":"ImageObject","inLanguage":"hu","@id":"https:\/\/komvak.sk\/hu\/oszi-feregtelenites\/#primaryimage","url":"https:\/\/komvak.sk\/wp-content\/uploads\/Voda\u0301rne-a-kanaliza\u0301cie-mesta-Koma\u0301rna-a.s.-\u2013-ko\u0301pia-2.png","contentUrl":"https:\/\/komvak.sk\/wp-content\/uploads\/Voda\u0301rne-a-kanaliza\u0301cie-mesta-Koma\u0301rna-a.s.-\u2013-ko\u0301pia-2.png","width":1200,"height":628},{"@type":"BreadcrumbList","@id":"https:\/\/komvak.sk\/hu\/oszi-feregtelenites\/#breadcrumb","itemListElement":[{"@type":"ListItem","position":1,"name":"Home","item":"https:\/\/komvak.sk\/hu\/"},{"@type":"ListItem","position":2,"name":"\u0150szi fe\u0301regteleni\u0301te\u0301s"}]},{"@type":"WebSite","@id":"https:\/\/komvak.sk\/hu\/#website","url":"https:\/\/komvak.sk\/hu\/","name":"KOMVak","description":"Vod\u00e1rne a kanaliz\u00e1cie mesta Kom\u00e1rna, a.s.","publisher":{"@id":"https:\/\/komvak.sk\/hu\/#organization"},"potentialAction":[{"@type":"SearchAction","target":{"@type":"EntryPoint","urlTemplate":"https:\/\/komvak.sk\/hu\/?s={search_term_string}"},"query-input":{"@type":"PropertyValueSpecification","valueRequired":true,"valueName":"search_term_string"}}],"inLanguage":"hu"},{"@type":"Organization","@id":"https:\/\/komvak.sk\/hu\/#organization","name":"KOMVaK - Vod\u00e1rne a kanaliz\u00e1cie mesta Kom\u00e1rna, a.s.","url":"https:\/\/komvak.sk\/hu\/","logo":{"@type":"ImageObject","inLanguage":"hu","@id":"https:\/\/komvak.sk\/hu\/#\/schema\/logo\/image\/","url":"https:\/\/komvak.sk\/wp-content\/uploads\/KOMVak_logo.png","contentUrl":"https:\/\/komvak.sk\/wp-content\/uploads\/KOMVak_logo.png","width":948,"height":619,"caption":"KOMVaK - Vod\u00e1rne a kanaliz\u00e1cie mesta Kom\u00e1rna, a.s."},"image":{"@id":"https:\/\/komvak.sk\/hu\/#\/schema\/logo\/image\/"},"sameAs":["https:\/\/www.facebook.com\/KOMVaKKomarno"]},{"@type":"Person","@id":"https:\/\/komvak.sk\/hu\/#\/schema\/person\/161b5be0b084105024b9948e715cb8bb","name":"admin","image":{"@type":"ImageObject","inLanguage":"hu","@id":"https:\/\/secure.gravatar.com\/avatar\/65f2c3a7a003521cded3b9febc6f07578bf8c0745c7edea0b3031d0c3f0305e9?s=96&d=mm&r=g","url":"https:\/\/secure.gravatar.com\/avatar\/65f2c3a7a003521cded3b9febc6f07578bf8c0745c7edea0b3031d0c3f0305e9?s=96&d=mm&r=g","contentUrl":"https:\/\/secure.gravatar.com\/avatar\/65f2c3a7a003521cded3b9febc6f07578bf8c0745c7edea0b3031d0c3f0305e9?s=96&d=mm&r=g","caption":"admin"}}]}},"_links":{"self":[{"href":"https:\/\/komvak.sk\/hu\/wp-json\/wp\/v2\/posts\/5636","targetHints":{"allow":["GET"]}}],"collection":[{"href":"https:\/\/komvak.sk\/hu\/wp-json\/wp\/v2\/posts"}],"about":[{"href":"https:\/\/komvak.sk\/hu\/wp-json\/wp\/v2\/types\/post"}],"author":[{"embeddable":true,"href":"https:\/\/komvak.sk\/hu\/wp-json\/wp\/v2\/users\/1"}],"replies":[{"embeddable":true,"href":"https:\/\/komvak.sk\/hu\/wp-json\/wp\/v2\/comments?post=5636"}],"version-history":[{"count":0,"href":"https:\/\/komvak.sk\/hu\/wp-json\/wp\/v2\/posts\/5636\/revisions"}],"wp:featuredmedia":[{"embeddable":true,"href":"https:\/\/komvak.sk\/hu\/wp-json\/wp\/v2\/media\/5668"}],"wp:attachment":[{"href":"https:\/\/komvak.sk\/hu\/wp-json\/wp\/v2\/media?parent=5636"}],"wp:term":[{"taxonomy":"category","embeddable":true,"href":"https:\/\/komvak.sk\/hu\/wp-json\/wp\/v2\/categories?post=5636"},{"taxonomy":"post_tag","embeddable":true,"href":"https:\/\/komvak.sk\/hu\/wp-json\/wp\/v2\/tags?post=5636"}],"curies":[{"name":"wp","href":"https:\/\/api.w.org\/{rel}","templated":true}]}}