{"id":5701,"date":"2022-10-20T15:33:42","date_gmt":"2022-10-20T13:33:42","guid":{"rendered":"https:\/\/komvak.sk\/mi-a-kozuzemi-vizhalozatra-valo-racsatlakozas-menete-kabatfalu\/"},"modified":"2022-11-15T14:01:11","modified_gmt":"2022-11-15T13:01:11","slug":"mi-a-kozuzemi-vizhalozatra-valo-racsatlakozas-menete-kabatfalu","status":"publish","type":"post","link":"https:\/\/komvak.sk\/hu\/mi-a-kozuzemi-vizhalozatra-valo-racsatlakozas-menete-kabatfalu\/","title":{"rendered":"Mi a k\u00f6z\u00fczemi v\u00edzh\u00e1l\u00f3zatra val\u00f3 r\u00e1csatlakoz\u00e1s menete? (Kab\u00e1tfalu)"},"content":{"rendered":"\n<p>2022. okt\u00f3ber 19-\u00e9n befejez\u0151dtek a f\u00f6ldmunk\u00e1k <strong>Kab\u00e1tfalu v\u00e1rosr\u00e9szben<\/strong>, ahol ki\u00e9p\u00edtett\u00e9k az \u00faj v\u00edzvezet\u00e9k-h\u00e1l\u00f3zatot k\u00f6r\u00fclbel\u00fcl 2050 m\u00e9ter hossz\u00fas\u00e1gban (a t\u00e9rk\u00e9pen pirossal jel\u00f6lve). V\u00e1llalatunk megkezdi a v\u00edzhaszn\u00e1lati enged\u00e9ly  \u2013 \u00e9p\u00edtkez\u00e9si enged\u00e9ly \u2013 kiad\u00e1s\u00e1nak folyamat\u00e1t. Az \u00e9p\u00edtkez\u00e9si enged\u00e9ly kiad\u00e1sa ut\u00e1n az ingatlan tulajdonos\u00e1nak lehet\u0151s\u00e9ge lesz ingatlan\u00e1t r\u00e1k\u00f6tni a k\u00f6z\u00fczemi v\u00edzh\u00e1l\u00f3zatra.  Az enged\u00e9lyez\u00e9si folyamat befejez\u00e9s\u00e9nek v\u00e1rhat\u00f3 d\u00e1tuma 2023 tavasza. A bek\u00f6t\u00e9si munk\u00e1latok sor\u00e1n keletkezett k\u00f6lts\u00e9gek az ingatlan tulajdonos\u00e1t terhelik.  <\/p>\n\n\n\n<figure class=\"wp-block-image size-full\"><img loading=\"lazy\" decoding=\"async\" width=\"886\" height=\"568\" src=\"https:\/\/komvak.sk\/wp-content\/uploads\/komvak-nova-osada-1.png\" alt=\"\" class=\"wp-image-5697\" srcset=\"https:\/\/komvak.sk\/wp-content\/uploads\/komvak-nova-osada-1.png 886w, https:\/\/komvak.sk\/wp-content\/uploads\/komvak-nova-osada-1-300x192.png 300w, https:\/\/komvak.sk\/wp-content\/uploads\/komvak-nova-osada-1-768x492.png 768w\" sizes=\"auto, (max-width: 886px) 100vw, 886px\" \/><\/figure>\n\n\n\n<p><strong><u>Mi a k\u00f6z\u00fczemi v\u00edzh\u00e1l\u00f3zatra val\u00f3 r\u00e1csatlakoz\u00e1s menete?<\/u><\/strong><\/p>\n\n\n\n<ol class=\"wp-block-list\" type=\"1\"><li>1. Sz\u00fcks\u00e9ges elk\u00e9sz\u00edteni az \u00fan. apr\u00f3 \u00e9p\u00edtkez\u00e9shez sz\u00fcks\u00e9ges tervdokument\u00e1ci\u00f3t, amely tartalmazza: az \u00e9p\u00edt\u00e9s hely\u00e9nek pontos le\u00edr\u00e1s\u00e1t, a megl\u00e9v\u0151 \u00e1llapot pontos le\u00edr\u00e1s\u00e1t, valamint az ingatlan k\u00f6z\u00fczemi v\u00edzell\u00e1t\u00e1sra val\u00f3 r\u00e1k\u00f6t\u00e9s\u00e9nek javasolt m\u00f3dj\u00e1t.<\/li><\/ol>\n\n\n\n<p>&#8211; A v\u00edzvezet\u00e9k-csatlakoz\u00e1s \u00fatvonal\u00e1t, anyag\u00e1t<\/p>\n\n\n\n<ul class=\"wp-block-list\"><li>&#8211; A v\u00edzm\u00e9r\u0151 akna hely\u00e9t, a v\u00edzvezet\u00e9k elhelyezked\u00e9s\u00e9t<\/li><li>&#8211; A v\u00edzm\u00e9r\u0151 akna t\u00edpus\u00e1t \u00e9s m\u00e9reteit<\/li><li>&#8211; M\u0171szaki jelent\u00e9st a k\u00f6vetkez\u0151 adatokkal: Qm, Qh [l.s-1 vagy m3 .h-1 (maxim\u00e1lis napi \u00e9s maxim\u00e1lis \u00f3r\u00e1nk\u00e9nti v\u00edzig\u00e9ny)<\/li><li>&#8211; A v\u00edzvezet\u00e9k szigetel\u00e9si terv\u00e9t \u00e9s a v\u00edzm\u00e9r\u0151 \u00f3ra felszerel\u00e9s\u00e9t<\/li><\/ul>\n\n\n\n<ul class=\"wp-block-list\"><li>2. A tervdokument\u00e1ci\u00f3hoz sz\u00fcks\u00e9ges, al\u00e1bbi t\u00e1rsas\u00e1gokt\u00f3l sz\u00e1rmaz\u00f3 v\u00e9lem\u00e9nyez\u00e9sek beszerz\u00e9se: <\/li><li>&#8211; KOMVaK \u2013 Kom\u00e1rom v\u00e1ros v\u00edz- \u00e9s csatornam\u0171vei, rt., E.B. Luk\u00e1\u010da, 94501 Kom\u00e1rno<\/li><\/ul>\n\n\n\n<p><a href=\"https:\/\/komvak.sk\/wp-content\/uploads\/ziadost_o_vyjadrenie_k_PD_01-1.pdf\" target=\"_blank\" rel=\"noreferrer noopener\">https:\/\/komvak.sk\/\u017diados\u0165 o vyjadrenie<\/a><\/p>\n\n\n\n<ul class=\"wp-block-list\"><li>Z\u00e1padoslovensk\u00e1 distribu\u010dn\u00e1 a.s., \u010culenova 6, Bratislava<\/li><li>SPP \u2013 distrib\u00facia, a.s., Mlynsk\u00e9 Nivy 44\/A, 852 11 Bratislava<\/li><li>Slovak Telekom, a.s., Karad\u017ei\u010dova 10, Bratislava<\/li><\/ul>\n\n\n\n<ul class=\"wp-block-list\"><li>3. Kom\u00e1rom v\u00e1ros K\u00f6z\u00f6s \u00c9p\u00edtkez\u00e9si Hivatal\u00e1hoz sz\u00fcks\u00e9ges beadni a k\u00e9rv\u00e9nyt az <em>apr\u00f3 \u00e9p\u00edtkez\u00e9sr\u0151l<\/em>: <a href=\"https:\/\/komarno.sk\/content\/file\/nyomtatvanyok\/kozosepiteszeti\/pdf-form\/7%20Ohlasenie%20drobnej%20stavby.pdf\" target=\"_blank\" rel=\"noreferrer noopener\">https:\/\/komarno.sk\/Ohl\u00e1senie drobnej stavby<\/a><\/li><\/ul>\n\n\n\n<p>Ennek kiad\u00e1sa ut\u00e1n lehet a r\u00e1k\u00f6t\u00e9st elkezdeni.<\/p>\n\n\n\n<ul class=\"wp-block-list\"><li>&#8211; F\u00f6ldmunk\u00e1k bebiztos\u00edt\u00e1sa<\/li><li>&#8211; V\u00edzm\u00e9r\u0151 akna bebiztos\u00edt\u00e1sa \u2013 el\u0151re gy\u00e1rtott, 1200x900x1800 mm nagys\u00e1g\u00fa, m\u0171anyag v\u00edzm\u00e9r\u0151 akna sz\u00fcks\u00e9ges <\/li><li>&#8211; A m\u0171anyag v\u00edzm\u00e9r\u0151 akna a KOMVaK rt.-n\u00e9l is megrendelhet\u0151 a r\u00e1k\u00f6t\u00e9s ig\u00e9nyl\u00e9se sor\u00e1n<\/li><\/ul>\n\n\n\n<ul class=\"wp-block-list\"><li>4. KOMVaK-hoz sz\u00fcks\u00e9ges beadni az al\u00e1bbi <em>k\u00e9rv\u00e9nyt a k\u00f6telez\u0151 mell\u00e9kletekkel<\/em>: <a href=\"https:\/\/komvak.sk\/wp-content\/uploads\/ziadost_o_zriadenie_vp_a_kp_nova_2022__kontrola_pripojenia.pdf\" target=\"_blank\" rel=\"noreferrer noopener\">https:\/\/komvak.sk\/\u017diados\u0165 o zriadenie vodovodnej pr\u00edpojky<\/a><\/li><\/ul>\n\n\n\n<p>&#8211; A k\u00e9relem beny\u00fajt\u00e1s\u00e1t \u00e9s a m\u0171szaki felt\u00e9telek ellen\u0151rz\u00e9s\u00e9t k\u00f6vet\u0151en a k\u00f6z\u00fczemi v\u00edzell\u00e1t\u00e1shoz val\u00f3 csatlakoz\u00e1s a meg\u00e1llap\u00edtott hat\u00e1rid\u0151n bel\u00fcl megt\u00f6rt\u00e9nik.<\/p>\n","protected":false},"excerpt":{"rendered":"<p>2022. okt\u00f3ber 19-\u00e9n befejez\u0151dtek a f\u00f6ldmunk\u00e1k Kab\u00e1tfalu v\u00e1rosr\u00e9szben, ahol ki\u00e9p\u00edtett\u00e9k az \u00faj v\u00edzvezet\u00e9k-h\u00e1l\u00f3zatot k\u00f6r\u00fclbel\u00fcl 2050 m\u00e9ter hossz\u00fas\u00e1gban (a t\u00e9rk\u00e9pen pirossal jel\u00f6lve). V\u00e1llalatunk megkezdi a v\u00edzhaszn\u00e1lati enged\u00e9ly \u2013 \u00e9p\u00edtkez\u00e9si enged\u00e9ly \u2013 kiad\u00e1s\u00e1nak folyamat\u00e1t. Az \u00e9p\u00edtkez\u00e9si enged\u00e9ly kiad\u00e1sa ut\u00e1n az ingatlan tulajdonos\u00e1nak lehet\u0151s\u00e9ge lesz ingatlan\u00e1t r\u00e1k\u00f6tni a k\u00f6z\u00fczemi v\u00edzh\u00e1l\u00f3zatra. Az enged\u00e9lyez\u00e9si folyamat befejez\u00e9s\u00e9nek v\u00e1rhat\u00f3 d\u00e1tuma 2023 tavasza. [&#8230;]\n","protected":false},"author":1,"featured_media":5697,"comment_status":"closed","ping_status":"closed","sticky":false,"template":"","format":"standard","meta":{"footnotes":""},"categories":[28],"tags":[],"class_list":["post-5701","post","type-post","status-publish","format-standard","has-post-thumbnail","hentry","category-hirek"],"yoast_head":"<!-- This site is optimized with the Yoast SEO plugin v27.3 - https:\/\/yoast.com\/product\/yoast-seo-wordpress\/ -->\n<title>Mi a k\u00f6z\u00fczemi v\u00edzh\u00e1l\u00f3zatra val\u00f3 r\u00e1csatlakoz\u00e1s menete? (Kab\u00e1tfalu) &#8226; KOMVak<\/title>\n<meta name=\"robots\" content=\"index, follow, max-snippet:-1, max-image-preview:large, max-video-preview:-1\" \/>\n<link rel=\"canonical\" href=\"https:\/\/komvak.sk\/hu\/mi-a-kozuzemi-vizhalozatra-valo-racsatlakozas-menete-kabatfalu\/\" \/>\n<meta property=\"og:locale\" content=\"hu_HU\" \/>\n<meta property=\"og:type\" content=\"article\" \/>\n<meta property=\"og:title\" content=\"Mi a k\u00f6z\u00fczemi v\u00edzh\u00e1l\u00f3zatra val\u00f3 r\u00e1csatlakoz\u00e1s menete? (Kab\u00e1tfalu) &#8226; KOMVak\" \/>\n<meta property=\"og:description\" content=\"2022. okt\u00f3ber 19-\u00e9n befejez\u0151dtek a f\u00f6ldmunk\u00e1k Kab\u00e1tfalu v\u00e1rosr\u00e9szben, ahol ki\u00e9p\u00edtett\u00e9k az \u00faj v\u00edzvezet\u00e9k-h\u00e1l\u00f3zatot k\u00f6r\u00fclbel\u00fcl 2050 m\u00e9ter hossz\u00fas\u00e1gban (a t\u00e9rk\u00e9pen pirossal jel\u00f6lve). V\u00e1llalatunk megkezdi a v\u00edzhaszn\u00e1lati enged\u00e9ly \u2013 \u00e9p\u00edtkez\u00e9si enged\u00e9ly \u2013 kiad\u00e1s\u00e1nak folyamat\u00e1t. Az \u00e9p\u00edtkez\u00e9si enged\u00e9ly kiad\u00e1sa ut\u00e1n az ingatlan tulajdonos\u00e1nak lehet\u0151s\u00e9ge lesz ingatlan\u00e1t r\u00e1k\u00f6tni a k\u00f6z\u00fczemi v\u00edzh\u00e1l\u00f3zatra. Az enged\u00e9lyez\u00e9si folyamat befejez\u00e9s\u00e9nek v\u00e1rhat\u00f3 d\u00e1tuma 2023 tavasza. [...]\" \/>\n<meta property=\"og:url\" content=\"https:\/\/komvak.sk\/hu\/mi-a-kozuzemi-vizhalozatra-valo-racsatlakozas-menete-kabatfalu\/\" \/>\n<meta property=\"og:site_name\" content=\"KOMVak\" \/>\n<meta property=\"article:publisher\" content=\"https:\/\/www.facebook.com\/KOMVaKKomarno\" \/>\n<meta property=\"article:published_time\" content=\"2022-10-20T13:33:42+00:00\" \/>\n<meta property=\"article:modified_time\" content=\"2022-11-15T13:01:11+00:00\" \/>\n<meta property=\"og:image\" content=\"https:\/\/komvak.sk\/wp-content\/uploads\/komvak-nova-osada-1.png\" \/>\n\t<meta property=\"og:image:width\" content=\"886\" \/>\n\t<meta property=\"og:image:height\" content=\"568\" \/>\n\t<meta property=\"og:image:type\" content=\"image\/png\" \/>\n<meta name=\"author\" content=\"admin\" \/>\n<meta name=\"twitter:card\" content=\"summary_large_image\" \/>\n<meta name=\"twitter:label1\" content=\"Szerz\u0151:\" \/>\n\t<meta name=\"twitter:data1\" content=\"admin\" \/>\n\t<meta name=\"twitter:label2\" content=\"Becs\u00fclt olvas\u00e1si id\u0151\" \/>\n\t<meta name=\"twitter:data2\" content=\"2 perc\" \/>\n<script type=\"application\/ld+json\" class=\"yoast-schema-graph\">{\"@context\":\"https:\\\/\\\/schema.org\",\"@graph\":[{\"@type\":\"Article\",\"@id\":\"https:\\\/\\\/komvak.sk\\\/hu\\\/mi-a-kozuzemi-vizhalozatra-valo-racsatlakozas-menete-kabatfalu\\\/#article\",\"isPartOf\":{\"@id\":\"https:\\\/\\\/komvak.sk\\\/hu\\\/mi-a-kozuzemi-vizhalozatra-valo-racsatlakozas-menete-kabatfalu\\\/\"},\"author\":{\"name\":\"admin\",\"@id\":\"https:\\\/\\\/komvak.sk\\\/hu\\\/#\\\/schema\\\/person\\\/161b5be0b084105024b9948e715cb8bb\"},\"headline\":\"Mi a k\u00f6z\u00fczemi v\u00edzh\u00e1l\u00f3zatra val\u00f3 r\u00e1csatlakoz\u00e1s menete? (Kab\u00e1tfalu)\",\"datePublished\":\"2022-10-20T13:33:42+00:00\",\"dateModified\":\"2022-11-15T13:01:11+00:00\",\"mainEntityOfPage\":{\"@id\":\"https:\\\/\\\/komvak.sk\\\/hu\\\/mi-a-kozuzemi-vizhalozatra-valo-racsatlakozas-menete-kabatfalu\\\/\"},\"wordCount\":538,\"publisher\":{\"@id\":\"https:\\\/\\\/komvak.sk\\\/hu\\\/#organization\"},\"image\":{\"@id\":\"https:\\\/\\\/komvak.sk\\\/hu\\\/mi-a-kozuzemi-vizhalozatra-valo-racsatlakozas-menete-kabatfalu\\\/#primaryimage\"},\"thumbnailUrl\":\"https:\\\/\\\/komvak.sk\\\/wp-content\\\/uploads\\\/komvak-nova-osada-1.png\",\"articleSection\":[\"H\u00edrek\"],\"inLanguage\":\"hu\"},{\"@type\":\"WebPage\",\"@id\":\"https:\\\/\\\/komvak.sk\\\/hu\\\/mi-a-kozuzemi-vizhalozatra-valo-racsatlakozas-menete-kabatfalu\\\/\",\"url\":\"https:\\\/\\\/komvak.sk\\\/hu\\\/mi-a-kozuzemi-vizhalozatra-valo-racsatlakozas-menete-kabatfalu\\\/\",\"name\":\"Mi a k\u00f6z\u00fczemi v\u00edzh\u00e1l\u00f3zatra val\u00f3 r\u00e1csatlakoz\u00e1s menete? (Kab\u00e1tfalu) &#8226; KOMVak\",\"isPartOf\":{\"@id\":\"https:\\\/\\\/komvak.sk\\\/hu\\\/#website\"},\"primaryImageOfPage\":{\"@id\":\"https:\\\/\\\/komvak.sk\\\/hu\\\/mi-a-kozuzemi-vizhalozatra-valo-racsatlakozas-menete-kabatfalu\\\/#primaryimage\"},\"image\":{\"@id\":\"https:\\\/\\\/komvak.sk\\\/hu\\\/mi-a-kozuzemi-vizhalozatra-valo-racsatlakozas-menete-kabatfalu\\\/#primaryimage\"},\"thumbnailUrl\":\"https:\\\/\\\/komvak.sk\\\/wp-content\\\/uploads\\\/komvak-nova-osada-1.png\",\"datePublished\":\"2022-10-20T13:33:42+00:00\",\"dateModified\":\"2022-11-15T13:01:11+00:00\",\"breadcrumb\":{\"@id\":\"https:\\\/\\\/komvak.sk\\\/hu\\\/mi-a-kozuzemi-vizhalozatra-valo-racsatlakozas-menete-kabatfalu\\\/#breadcrumb\"},\"inLanguage\":\"hu\",\"potentialAction\":[{\"@type\":\"ReadAction\",\"target\":[\"https:\\\/\\\/komvak.sk\\\/hu\\\/mi-a-kozuzemi-vizhalozatra-valo-racsatlakozas-menete-kabatfalu\\\/\"]}]},{\"@type\":\"ImageObject\",\"inLanguage\":\"hu\",\"@id\":\"https:\\\/\\\/komvak.sk\\\/hu\\\/mi-a-kozuzemi-vizhalozatra-valo-racsatlakozas-menete-kabatfalu\\\/#primaryimage\",\"url\":\"https:\\\/\\\/komvak.sk\\\/wp-content\\\/uploads\\\/komvak-nova-osada-1.png\",\"contentUrl\":\"https:\\\/\\\/komvak.sk\\\/wp-content\\\/uploads\\\/komvak-nova-osada-1.png\",\"width\":886,\"height\":568},{\"@type\":\"BreadcrumbList\",\"@id\":\"https:\\\/\\\/komvak.sk\\\/hu\\\/mi-a-kozuzemi-vizhalozatra-valo-racsatlakozas-menete-kabatfalu\\\/#breadcrumb\",\"itemListElement\":[{\"@type\":\"ListItem\",\"position\":1,\"name\":\"Home\",\"item\":\"https:\\\/\\\/komvak.sk\\\/hu\\\/\"},{\"@type\":\"ListItem\",\"position\":2,\"name\":\"Mi a k\u00f6z\u00fczemi v\u00edzh\u00e1l\u00f3zatra val\u00f3 r\u00e1csatlakoz\u00e1s menete? (Kab\u00e1tfalu)\"}]},{\"@type\":\"WebSite\",\"@id\":\"https:\\\/\\\/komvak.sk\\\/hu\\\/#website\",\"url\":\"https:\\\/\\\/komvak.sk\\\/hu\\\/\",\"name\":\"KOMVak\",\"description\":\"Vod\u00e1rne a kanaliz\u00e1cie mesta Kom\u00e1rna, a.s.\",\"publisher\":{\"@id\":\"https:\\\/\\\/komvak.sk\\\/hu\\\/#organization\"},\"potentialAction\":[{\"@type\":\"SearchAction\",\"target\":{\"@type\":\"EntryPoint\",\"urlTemplate\":\"https:\\\/\\\/komvak.sk\\\/hu\\\/?s={search_term_string}\"},\"query-input\":{\"@type\":\"PropertyValueSpecification\",\"valueRequired\":true,\"valueName\":\"search_term_string\"}}],\"inLanguage\":\"hu\"},{\"@type\":\"Organization\",\"@id\":\"https:\\\/\\\/komvak.sk\\\/hu\\\/#organization\",\"name\":\"KOMVaK - Vod\u00e1rne a kanaliz\u00e1cie mesta Kom\u00e1rna, a.s.\",\"url\":\"https:\\\/\\\/komvak.sk\\\/hu\\\/\",\"logo\":{\"@type\":\"ImageObject\",\"inLanguage\":\"hu\",\"@id\":\"https:\\\/\\\/komvak.sk\\\/hu\\\/#\\\/schema\\\/logo\\\/image\\\/\",\"url\":\"https:\\\/\\\/komvak.sk\\\/wp-content\\\/uploads\\\/KOMVak_logo.png\",\"contentUrl\":\"https:\\\/\\\/komvak.sk\\\/wp-content\\\/uploads\\\/KOMVak_logo.png\",\"width\":948,\"height\":619,\"caption\":\"KOMVaK - Vod\u00e1rne a kanaliz\u00e1cie mesta Kom\u00e1rna, a.s.\"},\"image\":{\"@id\":\"https:\\\/\\\/komvak.sk\\\/hu\\\/#\\\/schema\\\/logo\\\/image\\\/\"},\"sameAs\":[\"https:\\\/\\\/www.facebook.com\\\/KOMVaKKomarno\"]},{\"@type\":\"Person\",\"@id\":\"https:\\\/\\\/komvak.sk\\\/hu\\\/#\\\/schema\\\/person\\\/161b5be0b084105024b9948e715cb8bb\",\"name\":\"admin\",\"image\":{\"@type\":\"ImageObject\",\"inLanguage\":\"hu\",\"@id\":\"https:\\\/\\\/secure.gravatar.com\\\/avatar\\\/65f2c3a7a003521cded3b9febc6f07578bf8c0745c7edea0b3031d0c3f0305e9?s=96&d=mm&r=g\",\"url\":\"https:\\\/\\\/secure.gravatar.com\\\/avatar\\\/65f2c3a7a003521cded3b9febc6f07578bf8c0745c7edea0b3031d0c3f0305e9?s=96&d=mm&r=g\",\"contentUrl\":\"https:\\\/\\\/secure.gravatar.com\\\/avatar\\\/65f2c3a7a003521cded3b9febc6f07578bf8c0745c7edea0b3031d0c3f0305e9?s=96&d=mm&r=g\",\"caption\":\"admin\"}}]}<\/script>\n<!-- \/ Yoast SEO plugin. -->","yoast_head_json":{"title":"Mi a k\u00f6z\u00fczemi v\u00edzh\u00e1l\u00f3zatra val\u00f3 r\u00e1csatlakoz\u00e1s menete? (Kab\u00e1tfalu) &#8226; KOMVak","robots":{"index":"index","follow":"follow","max-snippet":"max-snippet:-1","max-image-preview":"max-image-preview:large","max-video-preview":"max-video-preview:-1"},"canonical":"https:\/\/komvak.sk\/hu\/mi-a-kozuzemi-vizhalozatra-valo-racsatlakozas-menete-kabatfalu\/","og_locale":"hu_HU","og_type":"article","og_title":"Mi a k\u00f6z\u00fczemi v\u00edzh\u00e1l\u00f3zatra val\u00f3 r\u00e1csatlakoz\u00e1s menete? (Kab\u00e1tfalu) &#8226; KOMVak","og_description":"2022. okt\u00f3ber 19-\u00e9n befejez\u0151dtek a f\u00f6ldmunk\u00e1k Kab\u00e1tfalu v\u00e1rosr\u00e9szben, ahol ki\u00e9p\u00edtett\u00e9k az \u00faj v\u00edzvezet\u00e9k-h\u00e1l\u00f3zatot k\u00f6r\u00fclbel\u00fcl 2050 m\u00e9ter hossz\u00fas\u00e1gban (a t\u00e9rk\u00e9pen pirossal jel\u00f6lve). V\u00e1llalatunk megkezdi a v\u00edzhaszn\u00e1lati enged\u00e9ly \u2013 \u00e9p\u00edtkez\u00e9si enged\u00e9ly \u2013 kiad\u00e1s\u00e1nak folyamat\u00e1t. Az \u00e9p\u00edtkez\u00e9si enged\u00e9ly kiad\u00e1sa ut\u00e1n az ingatlan tulajdonos\u00e1nak lehet\u0151s\u00e9ge lesz ingatlan\u00e1t r\u00e1k\u00f6tni a k\u00f6z\u00fczemi v\u00edzh\u00e1l\u00f3zatra. Az enged\u00e9lyez\u00e9si folyamat befejez\u00e9s\u00e9nek v\u00e1rhat\u00f3 d\u00e1tuma 2023 tavasza. [...]","og_url":"https:\/\/komvak.sk\/hu\/mi-a-kozuzemi-vizhalozatra-valo-racsatlakozas-menete-kabatfalu\/","og_site_name":"KOMVak","article_publisher":"https:\/\/www.facebook.com\/KOMVaKKomarno","article_published_time":"2022-10-20T13:33:42+00:00","article_modified_time":"2022-11-15T13:01:11+00:00","og_image":[{"width":886,"height":568,"url":"https:\/\/komvak.sk\/wp-content\/uploads\/komvak-nova-osada-1.png","type":"image\/png"}],"author":"admin","twitter_card":"summary_large_image","twitter_misc":{"Szerz\u0151:":"admin","Becs\u00fclt olvas\u00e1si id\u0151":"2 perc"},"schema":{"@context":"https:\/\/schema.org","@graph":[{"@type":"Article","@id":"https:\/\/komvak.sk\/hu\/mi-a-kozuzemi-vizhalozatra-valo-racsatlakozas-menete-kabatfalu\/#article","isPartOf":{"@id":"https:\/\/komvak.sk\/hu\/mi-a-kozuzemi-vizhalozatra-valo-racsatlakozas-menete-kabatfalu\/"},"author":{"name":"admin","@id":"https:\/\/komvak.sk\/hu\/#\/schema\/person\/161b5be0b084105024b9948e715cb8bb"},"headline":"Mi a k\u00f6z\u00fczemi v\u00edzh\u00e1l\u00f3zatra val\u00f3 r\u00e1csatlakoz\u00e1s menete? (Kab\u00e1tfalu)","datePublished":"2022-10-20T13:33:42+00:00","dateModified":"2022-11-15T13:01:11+00:00","mainEntityOfPage":{"@id":"https:\/\/komvak.sk\/hu\/mi-a-kozuzemi-vizhalozatra-valo-racsatlakozas-menete-kabatfalu\/"},"wordCount":538,"publisher":{"@id":"https:\/\/komvak.sk\/hu\/#organization"},"image":{"@id":"https:\/\/komvak.sk\/hu\/mi-a-kozuzemi-vizhalozatra-valo-racsatlakozas-menete-kabatfalu\/#primaryimage"},"thumbnailUrl":"https:\/\/komvak.sk\/wp-content\/uploads\/komvak-nova-osada-1.png","articleSection":["H\u00edrek"],"inLanguage":"hu"},{"@type":"WebPage","@id":"https:\/\/komvak.sk\/hu\/mi-a-kozuzemi-vizhalozatra-valo-racsatlakozas-menete-kabatfalu\/","url":"https:\/\/komvak.sk\/hu\/mi-a-kozuzemi-vizhalozatra-valo-racsatlakozas-menete-kabatfalu\/","name":"Mi a k\u00f6z\u00fczemi v\u00edzh\u00e1l\u00f3zatra val\u00f3 r\u00e1csatlakoz\u00e1s menete? (Kab\u00e1tfalu) &#8226; KOMVak","isPartOf":{"@id":"https:\/\/komvak.sk\/hu\/#website"},"primaryImageOfPage":{"@id":"https:\/\/komvak.sk\/hu\/mi-a-kozuzemi-vizhalozatra-valo-racsatlakozas-menete-kabatfalu\/#primaryimage"},"image":{"@id":"https:\/\/komvak.sk\/hu\/mi-a-kozuzemi-vizhalozatra-valo-racsatlakozas-menete-kabatfalu\/#primaryimage"},"thumbnailUrl":"https:\/\/komvak.sk\/wp-content\/uploads\/komvak-nova-osada-1.png","datePublished":"2022-10-20T13:33:42+00:00","dateModified":"2022-11-15T13:01:11+00:00","breadcrumb":{"@id":"https:\/\/komvak.sk\/hu\/mi-a-kozuzemi-vizhalozatra-valo-racsatlakozas-menete-kabatfalu\/#breadcrumb"},"inLanguage":"hu","potentialAction":[{"@type":"ReadAction","target":["https:\/\/komvak.sk\/hu\/mi-a-kozuzemi-vizhalozatra-valo-racsatlakozas-menete-kabatfalu\/"]}]},{"@type":"ImageObject","inLanguage":"hu","@id":"https:\/\/komvak.sk\/hu\/mi-a-kozuzemi-vizhalozatra-valo-racsatlakozas-menete-kabatfalu\/#primaryimage","url":"https:\/\/komvak.sk\/wp-content\/uploads\/komvak-nova-osada-1.png","contentUrl":"https:\/\/komvak.sk\/wp-content\/uploads\/komvak-nova-osada-1.png","width":886,"height":568},{"@type":"BreadcrumbList","@id":"https:\/\/komvak.sk\/hu\/mi-a-kozuzemi-vizhalozatra-valo-racsatlakozas-menete-kabatfalu\/#breadcrumb","itemListElement":[{"@type":"ListItem","position":1,"name":"Home","item":"https:\/\/komvak.sk\/hu\/"},{"@type":"ListItem","position":2,"name":"Mi a k\u00f6z\u00fczemi v\u00edzh\u00e1l\u00f3zatra val\u00f3 r\u00e1csatlakoz\u00e1s menete? (Kab\u00e1tfalu)"}]},{"@type":"WebSite","@id":"https:\/\/komvak.sk\/hu\/#website","url":"https:\/\/komvak.sk\/hu\/","name":"KOMVak","description":"Vod\u00e1rne a kanaliz\u00e1cie mesta Kom\u00e1rna, a.s.","publisher":{"@id":"https:\/\/komvak.sk\/hu\/#organization"},"potentialAction":[{"@type":"SearchAction","target":{"@type":"EntryPoint","urlTemplate":"https:\/\/komvak.sk\/hu\/?s={search_term_string}"},"query-input":{"@type":"PropertyValueSpecification","valueRequired":true,"valueName":"search_term_string"}}],"inLanguage":"hu"},{"@type":"Organization","@id":"https:\/\/komvak.sk\/hu\/#organization","name":"KOMVaK - Vod\u00e1rne a kanaliz\u00e1cie mesta Kom\u00e1rna, a.s.","url":"https:\/\/komvak.sk\/hu\/","logo":{"@type":"ImageObject","inLanguage":"hu","@id":"https:\/\/komvak.sk\/hu\/#\/schema\/logo\/image\/","url":"https:\/\/komvak.sk\/wp-content\/uploads\/KOMVak_logo.png","contentUrl":"https:\/\/komvak.sk\/wp-content\/uploads\/KOMVak_logo.png","width":948,"height":619,"caption":"KOMVaK - Vod\u00e1rne a kanaliz\u00e1cie mesta Kom\u00e1rna, a.s."},"image":{"@id":"https:\/\/komvak.sk\/hu\/#\/schema\/logo\/image\/"},"sameAs":["https:\/\/www.facebook.com\/KOMVaKKomarno"]},{"@type":"Person","@id":"https:\/\/komvak.sk\/hu\/#\/schema\/person\/161b5be0b084105024b9948e715cb8bb","name":"admin","image":{"@type":"ImageObject","inLanguage":"hu","@id":"https:\/\/secure.gravatar.com\/avatar\/65f2c3a7a003521cded3b9febc6f07578bf8c0745c7edea0b3031d0c3f0305e9?s=96&d=mm&r=g","url":"https:\/\/secure.gravatar.com\/avatar\/65f2c3a7a003521cded3b9febc6f07578bf8c0745c7edea0b3031d0c3f0305e9?s=96&d=mm&r=g","contentUrl":"https:\/\/secure.gravatar.com\/avatar\/65f2c3a7a003521cded3b9febc6f07578bf8c0745c7edea0b3031d0c3f0305e9?s=96&d=mm&r=g","caption":"admin"}}]}},"_links":{"self":[{"href":"https:\/\/komvak.sk\/hu\/wp-json\/wp\/v2\/posts\/5701","targetHints":{"allow":["GET"]}}],"collection":[{"href":"https:\/\/komvak.sk\/hu\/wp-json\/wp\/v2\/posts"}],"about":[{"href":"https:\/\/komvak.sk\/hu\/wp-json\/wp\/v2\/types\/post"}],"author":[{"embeddable":true,"href":"https:\/\/komvak.sk\/hu\/wp-json\/wp\/v2\/users\/1"}],"replies":[{"embeddable":true,"href":"https:\/\/komvak.sk\/hu\/wp-json\/wp\/v2\/comments?post=5701"}],"version-history":[{"count":0,"href":"https:\/\/komvak.sk\/hu\/wp-json\/wp\/v2\/posts\/5701\/revisions"}],"wp:featuredmedia":[{"embeddable":true,"href":"https:\/\/komvak.sk\/hu\/wp-json\/wp\/v2\/media\/5697"}],"wp:attachment":[{"href":"https:\/\/komvak.sk\/hu\/wp-json\/wp\/v2\/media?parent=5701"}],"wp:term":[{"taxonomy":"category","embeddable":true,"href":"https:\/\/komvak.sk\/hu\/wp-json\/wp\/v2\/categories?post=5701"},{"taxonomy":"post_tag","embeddable":true,"href":"https:\/\/komvak.sk\/hu\/wp-json\/wp\/v2\/tags?post=5701"}],"curies":[{"name":"wp","href":"https:\/\/api.w.org\/{rel}","templated":true}]}}