{"id":5878,"date":"2023-02-01T15:45:08","date_gmt":"2023-02-01T14:45:08","guid":{"rendered":"https:\/\/komvak.sk\/a-komvak-dijat-kapott\/"},"modified":"2023-02-01T15:45:09","modified_gmt":"2023-02-01T14:45:09","slug":"a-komvak-dijat-kapott","status":"publish","type":"post","link":"https:\/\/komvak.sk\/hu\/a-komvak-dijat-kapott\/","title":{"rendered":"A KOMVaK d\u00edjat kapott"},"content":{"rendered":"\n<p>N\u00e9h\u00e1ny \u00e9vvel ezel\u0151tt a v\u00edzm\u0171vek hatalmas probl\u00e9m\u00e1kkal k\u00fcszk\u00f6d\u00f6tt. Abban az id\u0151ben a v\u00e1llalat sz\u00e1m\u00e1ra l\u00e9tfontoss\u00e1g\u00fa volt, hogy kiutat tal\u00e1ljon ebb\u0151l a helyzetb\u0151l. A szorgalmas \u00e9s folyamatos munk\u00e1nak k\u00f6sz\u00f6nhet\u0151en siker\u00fclt megmenteni a c\u00e9get k\u00e9t v\u00e9grehajt\u00e1st\u00f3l, perekt\u0151l, ad\u00f3tartoz\u00e1sokt\u00f3l \u00e9s elker\u00fclt\u00fck, hogy a csall\u00f3k\u00f6zaranyosi szennyv\u00edztiszt\u00edt\u00f3 telep \u00e9p\u00edt\u00e9s\u00e9re sz\u00e1nt p\u00e9nzeszk\u00f6z\u00f6ket vissza kelljen fizetni. Siker\u00fclt vissza\u00e1llnunk a stabilit\u00e1s \u00e9s a n\u00f6veked\u00e9s \u00fatj\u00e1ra.<\/p>\n<p>Ezeket az er\u0151fesz\u00edt\u00e9seket a k\u00f6zelm\u00faltban a Szlov\u00e1k ad\u00f3hat\u00f3s\u00e1g is elismerte, amely a v\u00e1llalatot rendk\u00edv\u00fcl megb\u00edzhat\u00f3 ad\u00f3alanyk\u00e9nt \u00e9rt\u00e9kelte. Ez az \u00e9rt\u00e9kel\u0151 jelent\u00e9s kiemeli a v\u00e1llalat er\u0151s \u00e9s stabil p\u00e9nz\u00fcgyi helyzet\u00e9t, valamint azt, hogy k\u00e9pes teljes\u00edteni az \u00e1llam \u00e9s az ad\u00f3hat\u00f3s\u00e1gok fel\u00e9 fenn\u00e1ll\u00f3 k\u00f6telezetts\u00e9geit.<\/p>\n<p>Ez egy nagyszer\u0171 p\u00e9lda arra, hogy egy neh\u00e9z helyzetben l\u00e9v\u0151 v\u00e1llalat is sikereket \u00e9rhet el sok \u00e9v kem\u00e9ny munk\u00e1j\u00e1val.<\/p>\n<p>Lehet, hogy nem vagyunk t\u00f6k\u00e9letesek, de itt vagyunk \u00d6n\u00f6k\u00e9rt!<\/p>\n<p><a href=\"https:\/\/komvak.sk\/wp-content\/uploads\/Komvak-financnaSprava.pdf\">Komvak &#8211; p\u00e9nz\u00fcgyi jelent\u00e9s<\/a><\/p>\n","protected":false},"excerpt":{"rendered":"<p>N\u00e9h\u00e1ny \u00e9vvel ezel\u0151tt a v\u00edzm\u0171vek hatalmas probl\u00e9m\u00e1kkal k\u00fcszk\u00f6d\u00f6tt. Abban az id\u0151ben a v\u00e1llalat sz\u00e1m\u00e1ra l\u00e9tfontoss\u00e1g\u00fa volt, hogy kiutat tal\u00e1ljon ebb\u0151l a helyzetb\u0151l. A szorgalmas \u00e9s folyamatos munk\u00e1nak k\u00f6sz\u00f6nhet\u0151en siker\u00fclt megmenteni a c\u00e9get k\u00e9t v\u00e9grehajt\u00e1st\u00f3l, perekt\u0151l, ad\u00f3tartoz\u00e1sokt\u00f3l \u00e9s elker\u00fclt\u00fck, hogy a csall\u00f3k\u00f6zaranyosi szennyv\u00edztiszt\u00edt\u00f3 telep \u00e9p\u00edt\u00e9s\u00e9re sz\u00e1nt p\u00e9nzeszk\u00f6z\u00f6ket vissza kelljen fizetni. Siker\u00fclt vissza\u00e1llnunk a stabilit\u00e1s \u00e9s a [&#8230;]\n","protected":false},"author":1,"featured_media":4892,"comment_status":"open","ping_status":"open","sticky":false,"template":"","format":"standard","meta":{"footnotes":""},"categories":[28],"tags":[],"class_list":["post-5878","post","type-post","status-publish","format-standard","has-post-thumbnail","hentry","category-hirek"],"yoast_head":"<!-- This site is optimized with the Yoast SEO plugin v27.3 - https:\/\/yoast.com\/product\/yoast-seo-wordpress\/ -->\n<title>A KOMVaK d\u00edjat kapott &#8226; KOMVak<\/title>\n<meta name=\"robots\" content=\"index, follow, max-snippet:-1, max-image-preview:large, max-video-preview:-1\" \/>\n<link rel=\"canonical\" href=\"https:\/\/komvak.sk\/hu\/a-komvak-dijat-kapott\/\" \/>\n<meta property=\"og:locale\" content=\"hu_HU\" \/>\n<meta property=\"og:type\" content=\"article\" \/>\n<meta property=\"og:title\" content=\"A KOMVaK d\u00edjat kapott &#8226; KOMVak\" \/>\n<meta property=\"og:description\" content=\"N\u00e9h\u00e1ny \u00e9vvel ezel\u0151tt a v\u00edzm\u0171vek hatalmas probl\u00e9m\u00e1kkal k\u00fcszk\u00f6d\u00f6tt. Abban az id\u0151ben a v\u00e1llalat sz\u00e1m\u00e1ra l\u00e9tfontoss\u00e1g\u00fa volt, hogy kiutat tal\u00e1ljon ebb\u0151l a helyzetb\u0151l. A szorgalmas \u00e9s folyamatos munk\u00e1nak k\u00f6sz\u00f6nhet\u0151en siker\u00fclt megmenteni a c\u00e9get k\u00e9t v\u00e9grehajt\u00e1st\u00f3l, perekt\u0151l, ad\u00f3tartoz\u00e1sokt\u00f3l \u00e9s elker\u00fclt\u00fck, hogy a csall\u00f3k\u00f6zaranyosi szennyv\u00edztiszt\u00edt\u00f3 telep \u00e9p\u00edt\u00e9s\u00e9re sz\u00e1nt p\u00e9nzeszk\u00f6z\u00f6ket vissza kelljen fizetni. Siker\u00fclt vissza\u00e1llnunk a stabilit\u00e1s \u00e9s a [...]\" \/>\n<meta property=\"og:url\" content=\"https:\/\/komvak.sk\/hu\/a-komvak-dijat-kapott\/\" \/>\n<meta property=\"og:site_name\" content=\"KOMVak\" \/>\n<meta property=\"article:publisher\" content=\"https:\/\/www.facebook.com\/KOMVaKKomarno\" \/>\n<meta property=\"article:published_time\" content=\"2023-02-01T14:45:08+00:00\" \/>\n<meta property=\"article:modified_time\" content=\"2023-02-01T14:45:09+00:00\" \/>\n<meta property=\"og:image\" content=\"https:\/\/komvak.sk\/wp-content\/uploads\/fontos-informacio-hu.png\" \/>\n\t<meta property=\"og:image:width\" content=\"1600\" \/>\n\t<meta property=\"og:image:height\" content=\"802\" \/>\n\t<meta property=\"og:image:type\" content=\"image\/png\" \/>\n<meta name=\"author\" content=\"admin\" \/>\n<meta name=\"twitter:card\" content=\"summary_large_image\" \/>\n<meta name=\"twitter:label1\" content=\"Szerz\u0151:\" \/>\n\t<meta name=\"twitter:data1\" content=\"admin\" \/>\n\t<meta name=\"twitter:label2\" content=\"Becs\u00fclt olvas\u00e1si id\u0151\" \/>\n\t<meta name=\"twitter:data2\" content=\"1 perc\" \/>\n<script type=\"application\/ld+json\" class=\"yoast-schema-graph\">{\"@context\":\"https:\\\/\\\/schema.org\",\"@graph\":[{\"@type\":\"Article\",\"@id\":\"https:\\\/\\\/komvak.sk\\\/hu\\\/a-komvak-dijat-kapott\\\/#article\",\"isPartOf\":{\"@id\":\"https:\\\/\\\/komvak.sk\\\/hu\\\/a-komvak-dijat-kapott\\\/\"},\"author\":{\"name\":\"admin\",\"@id\":\"https:\\\/\\\/komvak.sk\\\/hu\\\/#\\\/schema\\\/person\\\/161b5be0b084105024b9948e715cb8bb\"},\"headline\":\"A KOMVaK d\u00edjat kapott\",\"datePublished\":\"2023-02-01T14:45:08+00:00\",\"dateModified\":\"2023-02-01T14:45:09+00:00\",\"mainEntityOfPage\":{\"@id\":\"https:\\\/\\\/komvak.sk\\\/hu\\\/a-komvak-dijat-kapott\\\/\"},\"wordCount\":233,\"commentCount\":0,\"publisher\":{\"@id\":\"https:\\\/\\\/komvak.sk\\\/hu\\\/#organization\"},\"image\":{\"@id\":\"https:\\\/\\\/komvak.sk\\\/hu\\\/a-komvak-dijat-kapott\\\/#primaryimage\"},\"thumbnailUrl\":\"https:\\\/\\\/komvak.sk\\\/wp-content\\\/uploads\\\/fontos-informacio-hu.png\",\"articleSection\":[\"H\u00edrek\"],\"inLanguage\":\"hu\",\"potentialAction\":[{\"@type\":\"CommentAction\",\"name\":\"Comment\",\"target\":[\"https:\\\/\\\/komvak.sk\\\/hu\\\/a-komvak-dijat-kapott\\\/#respond\"]}]},{\"@type\":\"WebPage\",\"@id\":\"https:\\\/\\\/komvak.sk\\\/hu\\\/a-komvak-dijat-kapott\\\/\",\"url\":\"https:\\\/\\\/komvak.sk\\\/hu\\\/a-komvak-dijat-kapott\\\/\",\"name\":\"A KOMVaK d\u00edjat kapott &#8226; KOMVak\",\"isPartOf\":{\"@id\":\"https:\\\/\\\/komvak.sk\\\/hu\\\/#website\"},\"primaryImageOfPage\":{\"@id\":\"https:\\\/\\\/komvak.sk\\\/hu\\\/a-komvak-dijat-kapott\\\/#primaryimage\"},\"image\":{\"@id\":\"https:\\\/\\\/komvak.sk\\\/hu\\\/a-komvak-dijat-kapott\\\/#primaryimage\"},\"thumbnailUrl\":\"https:\\\/\\\/komvak.sk\\\/wp-content\\\/uploads\\\/fontos-informacio-hu.png\",\"datePublished\":\"2023-02-01T14:45:08+00:00\",\"dateModified\":\"2023-02-01T14:45:09+00:00\",\"breadcrumb\":{\"@id\":\"https:\\\/\\\/komvak.sk\\\/hu\\\/a-komvak-dijat-kapott\\\/#breadcrumb\"},\"inLanguage\":\"hu\",\"potentialAction\":[{\"@type\":\"ReadAction\",\"target\":[\"https:\\\/\\\/komvak.sk\\\/hu\\\/a-komvak-dijat-kapott\\\/\"]}]},{\"@type\":\"ImageObject\",\"inLanguage\":\"hu\",\"@id\":\"https:\\\/\\\/komvak.sk\\\/hu\\\/a-komvak-dijat-kapott\\\/#primaryimage\",\"url\":\"https:\\\/\\\/komvak.sk\\\/wp-content\\\/uploads\\\/fontos-informacio-hu.png\",\"contentUrl\":\"https:\\\/\\\/komvak.sk\\\/wp-content\\\/uploads\\\/fontos-informacio-hu.png\",\"width\":1600,\"height\":802},{\"@type\":\"BreadcrumbList\",\"@id\":\"https:\\\/\\\/komvak.sk\\\/hu\\\/a-komvak-dijat-kapott\\\/#breadcrumb\",\"itemListElement\":[{\"@type\":\"ListItem\",\"position\":1,\"name\":\"Home\",\"item\":\"https:\\\/\\\/komvak.sk\\\/hu\\\/\"},{\"@type\":\"ListItem\",\"position\":2,\"name\":\"A KOMVaK d\u00edjat kapott\"}]},{\"@type\":\"WebSite\",\"@id\":\"https:\\\/\\\/komvak.sk\\\/hu\\\/#website\",\"url\":\"https:\\\/\\\/komvak.sk\\\/hu\\\/\",\"name\":\"KOMVak\",\"description\":\"Vod\u00e1rne a kanaliz\u00e1cie mesta Kom\u00e1rna, a.s.\",\"publisher\":{\"@id\":\"https:\\\/\\\/komvak.sk\\\/hu\\\/#organization\"},\"potentialAction\":[{\"@type\":\"SearchAction\",\"target\":{\"@type\":\"EntryPoint\",\"urlTemplate\":\"https:\\\/\\\/komvak.sk\\\/hu\\\/?s={search_term_string}\"},\"query-input\":{\"@type\":\"PropertyValueSpecification\",\"valueRequired\":true,\"valueName\":\"search_term_string\"}}],\"inLanguage\":\"hu\"},{\"@type\":\"Organization\",\"@id\":\"https:\\\/\\\/komvak.sk\\\/hu\\\/#organization\",\"name\":\"KOMVaK - Vod\u00e1rne a kanaliz\u00e1cie mesta Kom\u00e1rna, a.s.\",\"url\":\"https:\\\/\\\/komvak.sk\\\/hu\\\/\",\"logo\":{\"@type\":\"ImageObject\",\"inLanguage\":\"hu\",\"@id\":\"https:\\\/\\\/komvak.sk\\\/hu\\\/#\\\/schema\\\/logo\\\/image\\\/\",\"url\":\"https:\\\/\\\/komvak.sk\\\/wp-content\\\/uploads\\\/KOMVak_logo.png\",\"contentUrl\":\"https:\\\/\\\/komvak.sk\\\/wp-content\\\/uploads\\\/KOMVak_logo.png\",\"width\":948,\"height\":619,\"caption\":\"KOMVaK - Vod\u00e1rne a kanaliz\u00e1cie mesta Kom\u00e1rna, a.s.\"},\"image\":{\"@id\":\"https:\\\/\\\/komvak.sk\\\/hu\\\/#\\\/schema\\\/logo\\\/image\\\/\"},\"sameAs\":[\"https:\\\/\\\/www.facebook.com\\\/KOMVaKKomarno\"]},{\"@type\":\"Person\",\"@id\":\"https:\\\/\\\/komvak.sk\\\/hu\\\/#\\\/schema\\\/person\\\/161b5be0b084105024b9948e715cb8bb\",\"name\":\"admin\",\"image\":{\"@type\":\"ImageObject\",\"inLanguage\":\"hu\",\"@id\":\"https:\\\/\\\/secure.gravatar.com\\\/avatar\\\/65f2c3a7a003521cded3b9febc6f07578bf8c0745c7edea0b3031d0c3f0305e9?s=96&d=mm&r=g\",\"url\":\"https:\\\/\\\/secure.gravatar.com\\\/avatar\\\/65f2c3a7a003521cded3b9febc6f07578bf8c0745c7edea0b3031d0c3f0305e9?s=96&d=mm&r=g\",\"contentUrl\":\"https:\\\/\\\/secure.gravatar.com\\\/avatar\\\/65f2c3a7a003521cded3b9febc6f07578bf8c0745c7edea0b3031d0c3f0305e9?s=96&d=mm&r=g\",\"caption\":\"admin\"}}]}<\/script>\n<!-- \/ Yoast SEO plugin. -->","yoast_head_json":{"title":"A KOMVaK d\u00edjat kapott &#8226; KOMVak","robots":{"index":"index","follow":"follow","max-snippet":"max-snippet:-1","max-image-preview":"max-image-preview:large","max-video-preview":"max-video-preview:-1"},"canonical":"https:\/\/komvak.sk\/hu\/a-komvak-dijat-kapott\/","og_locale":"hu_HU","og_type":"article","og_title":"A KOMVaK d\u00edjat kapott &#8226; KOMVak","og_description":"N\u00e9h\u00e1ny \u00e9vvel ezel\u0151tt a v\u00edzm\u0171vek hatalmas probl\u00e9m\u00e1kkal k\u00fcszk\u00f6d\u00f6tt. Abban az id\u0151ben a v\u00e1llalat sz\u00e1m\u00e1ra l\u00e9tfontoss\u00e1g\u00fa volt, hogy kiutat tal\u00e1ljon ebb\u0151l a helyzetb\u0151l. A szorgalmas \u00e9s folyamatos munk\u00e1nak k\u00f6sz\u00f6nhet\u0151en siker\u00fclt megmenteni a c\u00e9get k\u00e9t v\u00e9grehajt\u00e1st\u00f3l, perekt\u0151l, ad\u00f3tartoz\u00e1sokt\u00f3l \u00e9s elker\u00fclt\u00fck, hogy a csall\u00f3k\u00f6zaranyosi szennyv\u00edztiszt\u00edt\u00f3 telep \u00e9p\u00edt\u00e9s\u00e9re sz\u00e1nt p\u00e9nzeszk\u00f6z\u00f6ket vissza kelljen fizetni. Siker\u00fclt vissza\u00e1llnunk a stabilit\u00e1s \u00e9s a [...]","og_url":"https:\/\/komvak.sk\/hu\/a-komvak-dijat-kapott\/","og_site_name":"KOMVak","article_publisher":"https:\/\/www.facebook.com\/KOMVaKKomarno","article_published_time":"2023-02-01T14:45:08+00:00","article_modified_time":"2023-02-01T14:45:09+00:00","og_image":[{"width":1600,"height":802,"url":"https:\/\/komvak.sk\/wp-content\/uploads\/fontos-informacio-hu.png","type":"image\/png"}],"author":"admin","twitter_card":"summary_large_image","twitter_misc":{"Szerz\u0151:":"admin","Becs\u00fclt olvas\u00e1si id\u0151":"1 perc"},"schema":{"@context":"https:\/\/schema.org","@graph":[{"@type":"Article","@id":"https:\/\/komvak.sk\/hu\/a-komvak-dijat-kapott\/#article","isPartOf":{"@id":"https:\/\/komvak.sk\/hu\/a-komvak-dijat-kapott\/"},"author":{"name":"admin","@id":"https:\/\/komvak.sk\/hu\/#\/schema\/person\/161b5be0b084105024b9948e715cb8bb"},"headline":"A KOMVaK d\u00edjat kapott","datePublished":"2023-02-01T14:45:08+00:00","dateModified":"2023-02-01T14:45:09+00:00","mainEntityOfPage":{"@id":"https:\/\/komvak.sk\/hu\/a-komvak-dijat-kapott\/"},"wordCount":233,"commentCount":0,"publisher":{"@id":"https:\/\/komvak.sk\/hu\/#organization"},"image":{"@id":"https:\/\/komvak.sk\/hu\/a-komvak-dijat-kapott\/#primaryimage"},"thumbnailUrl":"https:\/\/komvak.sk\/wp-content\/uploads\/fontos-informacio-hu.png","articleSection":["H\u00edrek"],"inLanguage":"hu","potentialAction":[{"@type":"CommentAction","name":"Comment","target":["https:\/\/komvak.sk\/hu\/a-komvak-dijat-kapott\/#respond"]}]},{"@type":"WebPage","@id":"https:\/\/komvak.sk\/hu\/a-komvak-dijat-kapott\/","url":"https:\/\/komvak.sk\/hu\/a-komvak-dijat-kapott\/","name":"A KOMVaK d\u00edjat kapott &#8226; KOMVak","isPartOf":{"@id":"https:\/\/komvak.sk\/hu\/#website"},"primaryImageOfPage":{"@id":"https:\/\/komvak.sk\/hu\/a-komvak-dijat-kapott\/#primaryimage"},"image":{"@id":"https:\/\/komvak.sk\/hu\/a-komvak-dijat-kapott\/#primaryimage"},"thumbnailUrl":"https:\/\/komvak.sk\/wp-content\/uploads\/fontos-informacio-hu.png","datePublished":"2023-02-01T14:45:08+00:00","dateModified":"2023-02-01T14:45:09+00:00","breadcrumb":{"@id":"https:\/\/komvak.sk\/hu\/a-komvak-dijat-kapott\/#breadcrumb"},"inLanguage":"hu","potentialAction":[{"@type":"ReadAction","target":["https:\/\/komvak.sk\/hu\/a-komvak-dijat-kapott\/"]}]},{"@type":"ImageObject","inLanguage":"hu","@id":"https:\/\/komvak.sk\/hu\/a-komvak-dijat-kapott\/#primaryimage","url":"https:\/\/komvak.sk\/wp-content\/uploads\/fontos-informacio-hu.png","contentUrl":"https:\/\/komvak.sk\/wp-content\/uploads\/fontos-informacio-hu.png","width":1600,"height":802},{"@type":"BreadcrumbList","@id":"https:\/\/komvak.sk\/hu\/a-komvak-dijat-kapott\/#breadcrumb","itemListElement":[{"@type":"ListItem","position":1,"name":"Home","item":"https:\/\/komvak.sk\/hu\/"},{"@type":"ListItem","position":2,"name":"A KOMVaK d\u00edjat kapott"}]},{"@type":"WebSite","@id":"https:\/\/komvak.sk\/hu\/#website","url":"https:\/\/komvak.sk\/hu\/","name":"KOMVak","description":"Vod\u00e1rne a kanaliz\u00e1cie mesta Kom\u00e1rna, a.s.","publisher":{"@id":"https:\/\/komvak.sk\/hu\/#organization"},"potentialAction":[{"@type":"SearchAction","target":{"@type":"EntryPoint","urlTemplate":"https:\/\/komvak.sk\/hu\/?s={search_term_string}"},"query-input":{"@type":"PropertyValueSpecification","valueRequired":true,"valueName":"search_term_string"}}],"inLanguage":"hu"},{"@type":"Organization","@id":"https:\/\/komvak.sk\/hu\/#organization","name":"KOMVaK - Vod\u00e1rne a kanaliz\u00e1cie mesta Kom\u00e1rna, a.s.","url":"https:\/\/komvak.sk\/hu\/","logo":{"@type":"ImageObject","inLanguage":"hu","@id":"https:\/\/komvak.sk\/hu\/#\/schema\/logo\/image\/","url":"https:\/\/komvak.sk\/wp-content\/uploads\/KOMVak_logo.png","contentUrl":"https:\/\/komvak.sk\/wp-content\/uploads\/KOMVak_logo.png","width":948,"height":619,"caption":"KOMVaK - Vod\u00e1rne a kanaliz\u00e1cie mesta Kom\u00e1rna, a.s."},"image":{"@id":"https:\/\/komvak.sk\/hu\/#\/schema\/logo\/image\/"},"sameAs":["https:\/\/www.facebook.com\/KOMVaKKomarno"]},{"@type":"Person","@id":"https:\/\/komvak.sk\/hu\/#\/schema\/person\/161b5be0b084105024b9948e715cb8bb","name":"admin","image":{"@type":"ImageObject","inLanguage":"hu","@id":"https:\/\/secure.gravatar.com\/avatar\/65f2c3a7a003521cded3b9febc6f07578bf8c0745c7edea0b3031d0c3f0305e9?s=96&d=mm&r=g","url":"https:\/\/secure.gravatar.com\/avatar\/65f2c3a7a003521cded3b9febc6f07578bf8c0745c7edea0b3031d0c3f0305e9?s=96&d=mm&r=g","contentUrl":"https:\/\/secure.gravatar.com\/avatar\/65f2c3a7a003521cded3b9febc6f07578bf8c0745c7edea0b3031d0c3f0305e9?s=96&d=mm&r=g","caption":"admin"}}]}},"_links":{"self":[{"href":"https:\/\/komvak.sk\/hu\/wp-json\/wp\/v2\/posts\/5878","targetHints":{"allow":["GET"]}}],"collection":[{"href":"https:\/\/komvak.sk\/hu\/wp-json\/wp\/v2\/posts"}],"about":[{"href":"https:\/\/komvak.sk\/hu\/wp-json\/wp\/v2\/types\/post"}],"author":[{"embeddable":true,"href":"https:\/\/komvak.sk\/hu\/wp-json\/wp\/v2\/users\/1"}],"replies":[{"embeddable":true,"href":"https:\/\/komvak.sk\/hu\/wp-json\/wp\/v2\/comments?post=5878"}],"version-history":[{"count":0,"href":"https:\/\/komvak.sk\/hu\/wp-json\/wp\/v2\/posts\/5878\/revisions"}],"wp:featuredmedia":[{"embeddable":true,"href":"https:\/\/komvak.sk\/hu\/wp-json\/wp\/v2\/media\/4892"}],"wp:attachment":[{"href":"https:\/\/komvak.sk\/hu\/wp-json\/wp\/v2\/media?parent=5878"}],"wp:term":[{"taxonomy":"category","embeddable":true,"href":"https:\/\/komvak.sk\/hu\/wp-json\/wp\/v2\/categories?post=5878"},{"taxonomy":"post_tag","embeddable":true,"href":"https:\/\/komvak.sk\/hu\/wp-json\/wp\/v2\/tags?post=5878"}],"curies":[{"name":"wp","href":"https:\/\/api.w.org\/{rel}","templated":true}]}}