{"id":6010,"date":"2023-03-06T13:52:05","date_gmt":"2023-03-06T12:52:05","guid":{"rendered":"https:\/\/komvak.sk\/kabatfalu-jelentkezzen-2023-juniusaig-a-legegyszerubb-csatlakozasert\/"},"modified":"2023-03-17T08:44:29","modified_gmt":"2023-03-17T07:44:29","slug":"kabatfalu-jelentkezzen-2023-juniusaig-a-legegyszerubb-csatlakozasert","status":"publish","type":"post","link":"https:\/\/komvak.sk\/hu\/kabatfalu-jelentkezzen-2023-juniusaig-a-legegyszerubb-csatlakozasert\/","title":{"rendered":"Kab\u00e1tfalu \u2013 jelentkezzen 2023 j\u00fanius\u00e1ig a legegyszer\u0171bb csatlakoz\u00e1s\u00e9rt"},"content":{"rendered":"\n<p>A KOMVaK &#8211; Kom\u00e1rom v\u00e1ros v\u00edz- \u00e9s csatornam\u0171vei, rt. 2022 \u0151sz\u00e9n befejezte a f\u00f6ldmunk\u00e1kat Kab\u00e1tfalu v\u00e1rosr\u00e9szben, <strong>\u201ePr\u00edvod a rozvod vody Nov\u00e1 Osada \u2013 mestsk\u00e1 \u010das\u0165 Kom\u00e1rno\u201c<\/strong>, ahol ki\u00e9p\u00edtett\u00fck az \u00faj v\u00edzvezet\u00e9k-h\u00e1l\u00f3zatot k\u00f6r\u00fclbel\u00fcl 4300 m\u00e9ter hossz\u00fas\u00e1gban. Az els\u0151, 2250 m hossz\u00fas\u00e1g\u00fa szakasz 2021-ben elk\u00e9sz\u00fclt \u00e9s m\u00e1r haszn\u00e1lathat\u00f3.<\/p>\n<p>V\u00e1llalatunk megkezdte a v\u00edzhaszn\u00e1lati enged\u00e9ly \u2013 \u00e9p\u00edtkez\u00e9si enged\u00e9ly \u2013 kiad\u00e1s\u00e1nak folyamat\u00e1t a 2050 m-es \u00fajonnan ki\u00e9p\u00edtett szakaszra is, amely a hat\u00e1lybal\u00e9p\u00e9s ut\u00e1n m\u00e1r haszn\u00e1lhat\u00f3 lesz. Az \u00e9p\u00edtkez\u00e9si enged\u00e9ly kiad\u00e1sa ut\u00e1n az ingatlan tulajdonos\u00e1nak lehet\u0151s\u00e9ge lesz ingatlan\u00e1t r\u00e1k\u00f6tni a k\u00f6z\u00fczemi v\u00edzh\u00e1l\u00f3zatra.<\/p>\n<p>A bek\u00f6t\u00e9si munk\u00e1latok sor\u00e1n keletkezett k\u00f6lts\u00e9gek az ingatlan tulajdonos\u00e1t terhelik. A v\u00edzbek\u00f6t\u00e9s megval\u00f3s\u00edt\u00e1s\u00e1nak el\u0151k\u00e9sz\u00edt\u00e9si folyamat\u00e1t a lakosok m\u00e1r a szakasz j\u00f3v\u00e1hagy\u00e1sa el\u0151tt kezdem\u00e9nyezhetik, ha elk\u00e9sz\u00edtik a tervdokument\u00e1ci\u00f3t, amely sz\u00fcks\u00e9ges az apr\u00f3 \u00e9p\u00edtkez\u00e9s bejelent\u00e9s\u00e9hez, majd ezt k\u00f6vet\u0151en kik\u00e9rhetik a tervdokument\u00e1ci\u00f3hoz sz\u00fcks\u00e9ges v\u00e9lem\u00e9nyez\u00e9seket, valamint beadhatj\u00e1k <em>Kom\u00e1rom v\u00e1ros K\u00f6z\u00f6s \u00c9p\u00edtkez\u00e9si Hivatal\u00e1hoz<\/em> a k\u00e9rv\u00e9nyt az apr\u00f3 \u00e9p\u00edtkez\u00e9sr\u0151l.<\/p>\n<p>V\u00e1llalatunk 2023 j\u00fanius\u00e1ban tervezi a k\u00f6zm\u0171ves\u00edt\u00e9s feletti \u00fat v\u00e9gleges vissza\u00e1ll\u00edt\u00e1s\u00e1t Kab\u00e1tfalu azon szakaszain, ahol a v\u00edzvezet\u00e9keket az \u00fat nyomvonal\u00e1ban, azaz az \u00fat al\u00e1 fektett\u00fck le. Ezekre a munk\u00e1latokra az\u00e9rt ker\u00fcl sor j\u00faniusban, mivel szerett\u00fck volna megk\u00f6nny\u00edteni a lakosok sz\u00e1m\u00e1ra a nyilv\u00e1nos v\u00edzvezet\u00e9khez val\u00f3 csatlakoz\u00e1st an\u00e9lk\u00fcl, hogy a vezet\u00e9k feletti utat fel kellene \u00e1sniuk.<\/p>\n<p>Ez\u00e9rt k\u00e9rj\u00fck \u00d6n\u00f6ket, hogy amennyiben a nyilv\u00e1nos v\u00edzvezet\u00e9k-h\u00e1l\u00f3zatra szeretn\u00e9nek csatlakozni, ezt tegy\u00e9k meg a befejez\u00e9si munk\u00e1latok \u2013 aszfaltoz\u00e1s megkezd\u00e9s\u00e9ig, hogy az \u00fajonnan ki\u00e9p\u00edtett v\u00edzvezet\u00e9k f\u00f6l\u00f6tt ne kelljen az \u00faj \u00fatburkolatot ism\u00e9t felbontani.<\/p>\n","protected":false},"excerpt":{"rendered":"<p>A KOMVaK &#8211; Kom\u00e1rom v\u00e1ros v\u00edz- \u00e9s csatornam\u0171vei, rt. 2022 \u0151sz\u00e9n befejezte a f\u00f6ldmunk\u00e1kat Kab\u00e1tfalu v\u00e1rosr\u00e9szben, \u201ePr\u00edvod a rozvod vody Nov\u00e1 Osada \u2013 mestsk\u00e1 \u010das\u0165 Kom\u00e1rno\u201c, ahol ki\u00e9p\u00edtett\u00fck az \u00faj v\u00edzvezet\u00e9k-h\u00e1l\u00f3zatot k\u00f6r\u00fclbel\u00fcl 4300 m\u00e9ter hossz\u00fas\u00e1gban. Az els\u0151, 2250 m hossz\u00fas\u00e1g\u00fa szakasz 2021-ben elk\u00e9sz\u00fclt \u00e9s m\u00e1r haszn\u00e1lathat\u00f3. V\u00e1llalatunk megkezdte a v\u00edzhaszn\u00e1lati enged\u00e9ly \u2013 \u00e9p\u00edtkez\u00e9si enged\u00e9ly \u2013 [&#8230;]\n","protected":false},"author":1,"featured_media":5968,"comment_status":"closed","ping_status":"closed","sticky":false,"template":"","format":"standard","meta":{"footnotes":""},"categories":[28],"tags":[],"class_list":["post-6010","post","type-post","status-publish","format-standard","has-post-thumbnail","hentry","category-hirek"],"yoast_head":"<!-- This site is optimized with the Yoast SEO plugin v27.3 - https:\/\/yoast.com\/product\/yoast-seo-wordpress\/ -->\n<title>Kab\u00e1tfalu \u2013 jelentkezzen 2023 j\u00fanius\u00e1ig a legegyszer\u0171bb csatlakoz\u00e1s\u00e9rt &#8226; KOMVak<\/title>\n<meta name=\"robots\" content=\"index, follow, max-snippet:-1, max-image-preview:large, max-video-preview:-1\" \/>\n<link rel=\"canonical\" href=\"https:\/\/komvak.sk\/hu\/kabatfalu-jelentkezzen-2023-juniusaig-a-legegyszerubb-csatlakozasert\/\" \/>\n<meta property=\"og:locale\" content=\"hu_HU\" \/>\n<meta property=\"og:type\" content=\"article\" \/>\n<meta property=\"og:title\" content=\"Kab\u00e1tfalu \u2013 jelentkezzen 2023 j\u00fanius\u00e1ig a legegyszer\u0171bb csatlakoz\u00e1s\u00e9rt &#8226; KOMVak\" \/>\n<meta property=\"og:description\" content=\"A KOMVaK &#8211; Kom\u00e1rom v\u00e1ros v\u00edz- \u00e9s csatornam\u0171vei, rt. 2022 \u0151sz\u00e9n befejezte a f\u00f6ldmunk\u00e1kat Kab\u00e1tfalu v\u00e1rosr\u00e9szben, \u201ePr\u00edvod a rozvod vody Nov\u00e1 Osada \u2013 mestsk\u00e1 \u010das\u0165 Kom\u00e1rno\u201c, ahol ki\u00e9p\u00edtett\u00fck az \u00faj v\u00edzvezet\u00e9k-h\u00e1l\u00f3zatot k\u00f6r\u00fclbel\u00fcl 4300 m\u00e9ter hossz\u00fas\u00e1gban. Az els\u0151, 2250 m hossz\u00fas\u00e1g\u00fa szakasz 2021-ben elk\u00e9sz\u00fclt \u00e9s m\u00e1r haszn\u00e1lathat\u00f3. V\u00e1llalatunk megkezdte a v\u00edzhaszn\u00e1lati enged\u00e9ly \u2013 \u00e9p\u00edtkez\u00e9si enged\u00e9ly \u2013 [...]\" \/>\n<meta property=\"og:url\" content=\"https:\/\/komvak.sk\/hu\/kabatfalu-jelentkezzen-2023-juniusaig-a-legegyszerubb-csatlakozasert\/\" \/>\n<meta property=\"og:site_name\" content=\"KOMVak\" \/>\n<meta property=\"article:publisher\" content=\"https:\/\/www.facebook.com\/KOMVaKKomarno\" \/>\n<meta property=\"article:published_time\" content=\"2023-03-06T12:52:05+00:00\" \/>\n<meta property=\"article:modified_time\" content=\"2023-03-17T07:44:29+00:00\" \/>\n<meta property=\"og:image\" content=\"https:\/\/komvak.sk\/wp-content\/uploads\/komvak-nova-osada-1.jpg\" \/>\n\t<meta property=\"og:image:width\" content=\"1200\" \/>\n\t<meta property=\"og:image:height\" content=\"844\" \/>\n\t<meta property=\"og:image:type\" content=\"image\/jpeg\" \/>\n<meta name=\"author\" content=\"admin\" \/>\n<meta name=\"twitter:card\" content=\"summary_large_image\" \/>\n<meta name=\"twitter:label1\" content=\"Szerz\u0151:\" \/>\n\t<meta name=\"twitter:data1\" content=\"admin\" \/>\n\t<meta name=\"twitter:label2\" content=\"Becs\u00fclt olvas\u00e1si id\u0151\" \/>\n\t<meta name=\"twitter:data2\" content=\"2 perc\" \/>\n<script type=\"application\/ld+json\" class=\"yoast-schema-graph\">{\"@context\":\"https:\\\/\\\/schema.org\",\"@graph\":[{\"@type\":\"Article\",\"@id\":\"https:\\\/\\\/komvak.sk\\\/hu\\\/kabatfalu-jelentkezzen-2023-juniusaig-a-legegyszerubb-csatlakozasert\\\/#article\",\"isPartOf\":{\"@id\":\"https:\\\/\\\/komvak.sk\\\/hu\\\/kabatfalu-jelentkezzen-2023-juniusaig-a-legegyszerubb-csatlakozasert\\\/\"},\"author\":{\"name\":\"admin\",\"@id\":\"https:\\\/\\\/komvak.sk\\\/hu\\\/#\\\/schema\\\/person\\\/161b5be0b084105024b9948e715cb8bb\"},\"headline\":\"Kab\u00e1tfalu \u2013 jelentkezzen 2023 j\u00fanius\u00e1ig a legegyszer\u0171bb csatlakoz\u00e1s\u00e9rt\",\"datePublished\":\"2023-03-06T12:52:05+00:00\",\"dateModified\":\"2023-03-17T07:44:29+00:00\",\"mainEntityOfPage\":{\"@id\":\"https:\\\/\\\/komvak.sk\\\/hu\\\/kabatfalu-jelentkezzen-2023-juniusaig-a-legegyszerubb-csatlakozasert\\\/\"},\"wordCount\":406,\"publisher\":{\"@id\":\"https:\\\/\\\/komvak.sk\\\/hu\\\/#organization\"},\"image\":{\"@id\":\"https:\\\/\\\/komvak.sk\\\/hu\\\/kabatfalu-jelentkezzen-2023-juniusaig-a-legegyszerubb-csatlakozasert\\\/#primaryimage\"},\"thumbnailUrl\":\"https:\\\/\\\/komvak.sk\\\/wp-content\\\/uploads\\\/komvak-nova-osada-1.jpg\",\"articleSection\":[\"H\u00edrek\"],\"inLanguage\":\"hu\"},{\"@type\":\"WebPage\",\"@id\":\"https:\\\/\\\/komvak.sk\\\/hu\\\/kabatfalu-jelentkezzen-2023-juniusaig-a-legegyszerubb-csatlakozasert\\\/\",\"url\":\"https:\\\/\\\/komvak.sk\\\/hu\\\/kabatfalu-jelentkezzen-2023-juniusaig-a-legegyszerubb-csatlakozasert\\\/\",\"name\":\"Kab\u00e1tfalu \u2013 jelentkezzen 2023 j\u00fanius\u00e1ig a legegyszer\u0171bb csatlakoz\u00e1s\u00e9rt &#8226; KOMVak\",\"isPartOf\":{\"@id\":\"https:\\\/\\\/komvak.sk\\\/hu\\\/#website\"},\"primaryImageOfPage\":{\"@id\":\"https:\\\/\\\/komvak.sk\\\/hu\\\/kabatfalu-jelentkezzen-2023-juniusaig-a-legegyszerubb-csatlakozasert\\\/#primaryimage\"},\"image\":{\"@id\":\"https:\\\/\\\/komvak.sk\\\/hu\\\/kabatfalu-jelentkezzen-2023-juniusaig-a-legegyszerubb-csatlakozasert\\\/#primaryimage\"},\"thumbnailUrl\":\"https:\\\/\\\/komvak.sk\\\/wp-content\\\/uploads\\\/komvak-nova-osada-1.jpg\",\"datePublished\":\"2023-03-06T12:52:05+00:00\",\"dateModified\":\"2023-03-17T07:44:29+00:00\",\"breadcrumb\":{\"@id\":\"https:\\\/\\\/komvak.sk\\\/hu\\\/kabatfalu-jelentkezzen-2023-juniusaig-a-legegyszerubb-csatlakozasert\\\/#breadcrumb\"},\"inLanguage\":\"hu\",\"potentialAction\":[{\"@type\":\"ReadAction\",\"target\":[\"https:\\\/\\\/komvak.sk\\\/hu\\\/kabatfalu-jelentkezzen-2023-juniusaig-a-legegyszerubb-csatlakozasert\\\/\"]}]},{\"@type\":\"ImageObject\",\"inLanguage\":\"hu\",\"@id\":\"https:\\\/\\\/komvak.sk\\\/hu\\\/kabatfalu-jelentkezzen-2023-juniusaig-a-legegyszerubb-csatlakozasert\\\/#primaryimage\",\"url\":\"https:\\\/\\\/komvak.sk\\\/wp-content\\\/uploads\\\/komvak-nova-osada-1.jpg\",\"contentUrl\":\"https:\\\/\\\/komvak.sk\\\/wp-content\\\/uploads\\\/komvak-nova-osada-1.jpg\",\"width\":1200,\"height\":844},{\"@type\":\"BreadcrumbList\",\"@id\":\"https:\\\/\\\/komvak.sk\\\/hu\\\/kabatfalu-jelentkezzen-2023-juniusaig-a-legegyszerubb-csatlakozasert\\\/#breadcrumb\",\"itemListElement\":[{\"@type\":\"ListItem\",\"position\":1,\"name\":\"Home\",\"item\":\"https:\\\/\\\/komvak.sk\\\/hu\\\/\"},{\"@type\":\"ListItem\",\"position\":2,\"name\":\"Kab\u00e1tfalu \u2013 jelentkezzen 2023 j\u00fanius\u00e1ig a legegyszer\u0171bb csatlakoz\u00e1s\u00e9rt\"}]},{\"@type\":\"WebSite\",\"@id\":\"https:\\\/\\\/komvak.sk\\\/hu\\\/#website\",\"url\":\"https:\\\/\\\/komvak.sk\\\/hu\\\/\",\"name\":\"KOMVak\",\"description\":\"Vod\u00e1rne a kanaliz\u00e1cie mesta Kom\u00e1rna, a.s.\",\"publisher\":{\"@id\":\"https:\\\/\\\/komvak.sk\\\/hu\\\/#organization\"},\"potentialAction\":[{\"@type\":\"SearchAction\",\"target\":{\"@type\":\"EntryPoint\",\"urlTemplate\":\"https:\\\/\\\/komvak.sk\\\/hu\\\/?s={search_term_string}\"},\"query-input\":{\"@type\":\"PropertyValueSpecification\",\"valueRequired\":true,\"valueName\":\"search_term_string\"}}],\"inLanguage\":\"hu\"},{\"@type\":\"Organization\",\"@id\":\"https:\\\/\\\/komvak.sk\\\/hu\\\/#organization\",\"name\":\"KOMVaK - Vod\u00e1rne a kanaliz\u00e1cie mesta Kom\u00e1rna, a.s.\",\"url\":\"https:\\\/\\\/komvak.sk\\\/hu\\\/\",\"logo\":{\"@type\":\"ImageObject\",\"inLanguage\":\"hu\",\"@id\":\"https:\\\/\\\/komvak.sk\\\/hu\\\/#\\\/schema\\\/logo\\\/image\\\/\",\"url\":\"https:\\\/\\\/komvak.sk\\\/wp-content\\\/uploads\\\/KOMVak_logo.png\",\"contentUrl\":\"https:\\\/\\\/komvak.sk\\\/wp-content\\\/uploads\\\/KOMVak_logo.png\",\"width\":948,\"height\":619,\"caption\":\"KOMVaK - Vod\u00e1rne a kanaliz\u00e1cie mesta Kom\u00e1rna, a.s.\"},\"image\":{\"@id\":\"https:\\\/\\\/komvak.sk\\\/hu\\\/#\\\/schema\\\/logo\\\/image\\\/\"},\"sameAs\":[\"https:\\\/\\\/www.facebook.com\\\/KOMVaKKomarno\"]},{\"@type\":\"Person\",\"@id\":\"https:\\\/\\\/komvak.sk\\\/hu\\\/#\\\/schema\\\/person\\\/161b5be0b084105024b9948e715cb8bb\",\"name\":\"admin\",\"image\":{\"@type\":\"ImageObject\",\"inLanguage\":\"hu\",\"@id\":\"https:\\\/\\\/secure.gravatar.com\\\/avatar\\\/65f2c3a7a003521cded3b9febc6f07578bf8c0745c7edea0b3031d0c3f0305e9?s=96&d=mm&r=g\",\"url\":\"https:\\\/\\\/secure.gravatar.com\\\/avatar\\\/65f2c3a7a003521cded3b9febc6f07578bf8c0745c7edea0b3031d0c3f0305e9?s=96&d=mm&r=g\",\"contentUrl\":\"https:\\\/\\\/secure.gravatar.com\\\/avatar\\\/65f2c3a7a003521cded3b9febc6f07578bf8c0745c7edea0b3031d0c3f0305e9?s=96&d=mm&r=g\",\"caption\":\"admin\"}}]}<\/script>\n<!-- \/ Yoast SEO plugin. -->","yoast_head_json":{"title":"Kab\u00e1tfalu \u2013 jelentkezzen 2023 j\u00fanius\u00e1ig a legegyszer\u0171bb csatlakoz\u00e1s\u00e9rt &#8226; KOMVak","robots":{"index":"index","follow":"follow","max-snippet":"max-snippet:-1","max-image-preview":"max-image-preview:large","max-video-preview":"max-video-preview:-1"},"canonical":"https:\/\/komvak.sk\/hu\/kabatfalu-jelentkezzen-2023-juniusaig-a-legegyszerubb-csatlakozasert\/","og_locale":"hu_HU","og_type":"article","og_title":"Kab\u00e1tfalu \u2013 jelentkezzen 2023 j\u00fanius\u00e1ig a legegyszer\u0171bb csatlakoz\u00e1s\u00e9rt &#8226; KOMVak","og_description":"A KOMVaK &#8211; Kom\u00e1rom v\u00e1ros v\u00edz- \u00e9s csatornam\u0171vei, rt. 2022 \u0151sz\u00e9n befejezte a f\u00f6ldmunk\u00e1kat Kab\u00e1tfalu v\u00e1rosr\u00e9szben, \u201ePr\u00edvod a rozvod vody Nov\u00e1 Osada \u2013 mestsk\u00e1 \u010das\u0165 Kom\u00e1rno\u201c, ahol ki\u00e9p\u00edtett\u00fck az \u00faj v\u00edzvezet\u00e9k-h\u00e1l\u00f3zatot k\u00f6r\u00fclbel\u00fcl 4300 m\u00e9ter hossz\u00fas\u00e1gban. Az els\u0151, 2250 m hossz\u00fas\u00e1g\u00fa szakasz 2021-ben elk\u00e9sz\u00fclt \u00e9s m\u00e1r haszn\u00e1lathat\u00f3. V\u00e1llalatunk megkezdte a v\u00edzhaszn\u00e1lati enged\u00e9ly \u2013 \u00e9p\u00edtkez\u00e9si enged\u00e9ly \u2013 [...]","og_url":"https:\/\/komvak.sk\/hu\/kabatfalu-jelentkezzen-2023-juniusaig-a-legegyszerubb-csatlakozasert\/","og_site_name":"KOMVak","article_publisher":"https:\/\/www.facebook.com\/KOMVaKKomarno","article_published_time":"2023-03-06T12:52:05+00:00","article_modified_time":"2023-03-17T07:44:29+00:00","og_image":[{"width":1200,"height":844,"url":"https:\/\/komvak.sk\/wp-content\/uploads\/komvak-nova-osada-1.jpg","type":"image\/jpeg"}],"author":"admin","twitter_card":"summary_large_image","twitter_misc":{"Szerz\u0151:":"admin","Becs\u00fclt olvas\u00e1si id\u0151":"2 perc"},"schema":{"@context":"https:\/\/schema.org","@graph":[{"@type":"Article","@id":"https:\/\/komvak.sk\/hu\/kabatfalu-jelentkezzen-2023-juniusaig-a-legegyszerubb-csatlakozasert\/#article","isPartOf":{"@id":"https:\/\/komvak.sk\/hu\/kabatfalu-jelentkezzen-2023-juniusaig-a-legegyszerubb-csatlakozasert\/"},"author":{"name":"admin","@id":"https:\/\/komvak.sk\/hu\/#\/schema\/person\/161b5be0b084105024b9948e715cb8bb"},"headline":"Kab\u00e1tfalu \u2013 jelentkezzen 2023 j\u00fanius\u00e1ig a legegyszer\u0171bb csatlakoz\u00e1s\u00e9rt","datePublished":"2023-03-06T12:52:05+00:00","dateModified":"2023-03-17T07:44:29+00:00","mainEntityOfPage":{"@id":"https:\/\/komvak.sk\/hu\/kabatfalu-jelentkezzen-2023-juniusaig-a-legegyszerubb-csatlakozasert\/"},"wordCount":406,"publisher":{"@id":"https:\/\/komvak.sk\/hu\/#organization"},"image":{"@id":"https:\/\/komvak.sk\/hu\/kabatfalu-jelentkezzen-2023-juniusaig-a-legegyszerubb-csatlakozasert\/#primaryimage"},"thumbnailUrl":"https:\/\/komvak.sk\/wp-content\/uploads\/komvak-nova-osada-1.jpg","articleSection":["H\u00edrek"],"inLanguage":"hu"},{"@type":"WebPage","@id":"https:\/\/komvak.sk\/hu\/kabatfalu-jelentkezzen-2023-juniusaig-a-legegyszerubb-csatlakozasert\/","url":"https:\/\/komvak.sk\/hu\/kabatfalu-jelentkezzen-2023-juniusaig-a-legegyszerubb-csatlakozasert\/","name":"Kab\u00e1tfalu \u2013 jelentkezzen 2023 j\u00fanius\u00e1ig a legegyszer\u0171bb csatlakoz\u00e1s\u00e9rt &#8226; KOMVak","isPartOf":{"@id":"https:\/\/komvak.sk\/hu\/#website"},"primaryImageOfPage":{"@id":"https:\/\/komvak.sk\/hu\/kabatfalu-jelentkezzen-2023-juniusaig-a-legegyszerubb-csatlakozasert\/#primaryimage"},"image":{"@id":"https:\/\/komvak.sk\/hu\/kabatfalu-jelentkezzen-2023-juniusaig-a-legegyszerubb-csatlakozasert\/#primaryimage"},"thumbnailUrl":"https:\/\/komvak.sk\/wp-content\/uploads\/komvak-nova-osada-1.jpg","datePublished":"2023-03-06T12:52:05+00:00","dateModified":"2023-03-17T07:44:29+00:00","breadcrumb":{"@id":"https:\/\/komvak.sk\/hu\/kabatfalu-jelentkezzen-2023-juniusaig-a-legegyszerubb-csatlakozasert\/#breadcrumb"},"inLanguage":"hu","potentialAction":[{"@type":"ReadAction","target":["https:\/\/komvak.sk\/hu\/kabatfalu-jelentkezzen-2023-juniusaig-a-legegyszerubb-csatlakozasert\/"]}]},{"@type":"ImageObject","inLanguage":"hu","@id":"https:\/\/komvak.sk\/hu\/kabatfalu-jelentkezzen-2023-juniusaig-a-legegyszerubb-csatlakozasert\/#primaryimage","url":"https:\/\/komvak.sk\/wp-content\/uploads\/komvak-nova-osada-1.jpg","contentUrl":"https:\/\/komvak.sk\/wp-content\/uploads\/komvak-nova-osada-1.jpg","width":1200,"height":844},{"@type":"BreadcrumbList","@id":"https:\/\/komvak.sk\/hu\/kabatfalu-jelentkezzen-2023-juniusaig-a-legegyszerubb-csatlakozasert\/#breadcrumb","itemListElement":[{"@type":"ListItem","position":1,"name":"Home","item":"https:\/\/komvak.sk\/hu\/"},{"@type":"ListItem","position":2,"name":"Kab\u00e1tfalu \u2013 jelentkezzen 2023 j\u00fanius\u00e1ig a legegyszer\u0171bb csatlakoz\u00e1s\u00e9rt"}]},{"@type":"WebSite","@id":"https:\/\/komvak.sk\/hu\/#website","url":"https:\/\/komvak.sk\/hu\/","name":"KOMVak","description":"Vod\u00e1rne a kanaliz\u00e1cie mesta Kom\u00e1rna, a.s.","publisher":{"@id":"https:\/\/komvak.sk\/hu\/#organization"},"potentialAction":[{"@type":"SearchAction","target":{"@type":"EntryPoint","urlTemplate":"https:\/\/komvak.sk\/hu\/?s={search_term_string}"},"query-input":{"@type":"PropertyValueSpecification","valueRequired":true,"valueName":"search_term_string"}}],"inLanguage":"hu"},{"@type":"Organization","@id":"https:\/\/komvak.sk\/hu\/#organization","name":"KOMVaK - Vod\u00e1rne a kanaliz\u00e1cie mesta Kom\u00e1rna, a.s.","url":"https:\/\/komvak.sk\/hu\/","logo":{"@type":"ImageObject","inLanguage":"hu","@id":"https:\/\/komvak.sk\/hu\/#\/schema\/logo\/image\/","url":"https:\/\/komvak.sk\/wp-content\/uploads\/KOMVak_logo.png","contentUrl":"https:\/\/komvak.sk\/wp-content\/uploads\/KOMVak_logo.png","width":948,"height":619,"caption":"KOMVaK - Vod\u00e1rne a kanaliz\u00e1cie mesta Kom\u00e1rna, a.s."},"image":{"@id":"https:\/\/komvak.sk\/hu\/#\/schema\/logo\/image\/"},"sameAs":["https:\/\/www.facebook.com\/KOMVaKKomarno"]},{"@type":"Person","@id":"https:\/\/komvak.sk\/hu\/#\/schema\/person\/161b5be0b084105024b9948e715cb8bb","name":"admin","image":{"@type":"ImageObject","inLanguage":"hu","@id":"https:\/\/secure.gravatar.com\/avatar\/65f2c3a7a003521cded3b9febc6f07578bf8c0745c7edea0b3031d0c3f0305e9?s=96&d=mm&r=g","url":"https:\/\/secure.gravatar.com\/avatar\/65f2c3a7a003521cded3b9febc6f07578bf8c0745c7edea0b3031d0c3f0305e9?s=96&d=mm&r=g","contentUrl":"https:\/\/secure.gravatar.com\/avatar\/65f2c3a7a003521cded3b9febc6f07578bf8c0745c7edea0b3031d0c3f0305e9?s=96&d=mm&r=g","caption":"admin"}}]}},"_links":{"self":[{"href":"https:\/\/komvak.sk\/hu\/wp-json\/wp\/v2\/posts\/6010","targetHints":{"allow":["GET"]}}],"collection":[{"href":"https:\/\/komvak.sk\/hu\/wp-json\/wp\/v2\/posts"}],"about":[{"href":"https:\/\/komvak.sk\/hu\/wp-json\/wp\/v2\/types\/post"}],"author":[{"embeddable":true,"href":"https:\/\/komvak.sk\/hu\/wp-json\/wp\/v2\/users\/1"}],"replies":[{"embeddable":true,"href":"https:\/\/komvak.sk\/hu\/wp-json\/wp\/v2\/comments?post=6010"}],"version-history":[{"count":0,"href":"https:\/\/komvak.sk\/hu\/wp-json\/wp\/v2\/posts\/6010\/revisions"}],"wp:featuredmedia":[{"embeddable":true,"href":"https:\/\/komvak.sk\/hu\/wp-json\/wp\/v2\/media\/5968"}],"wp:attachment":[{"href":"https:\/\/komvak.sk\/hu\/wp-json\/wp\/v2\/media?parent=6010"}],"wp:term":[{"taxonomy":"category","embeddable":true,"href":"https:\/\/komvak.sk\/hu\/wp-json\/wp\/v2\/categories?post=6010"},{"taxonomy":"post_tag","embeddable":true,"href":"https:\/\/komvak.sk\/hu\/wp-json\/wp\/v2\/tags?post=6010"}],"curies":[{"name":"wp","href":"https:\/\/api.w.org\/{rel}","templated":true}]}}