{"id":6106,"date":"2023-04-04T09:13:49","date_gmt":"2023-04-04T07:13:49","guid":{"rendered":"https:\/\/komvak.sk\/?p=6106"},"modified":"2023-04-04T09:13:51","modified_gmt":"2023-04-04T07:13:51","slug":"komarom-madzagos-kiskertovezet-az-uj-vizvezetek-halozat-kiepitese","status":"publish","type":"post","link":"https:\/\/komvak.sk\/hu\/komarom-madzagos-kiskertovezet-az-uj-vizvezetek-halozat-kiepitese\/","title":{"rendered":"\u201eKom\u00e1rom, Madzagos kiskert\u00f6vezet &#8211; az \u00faj v\u00edzvezet\u00e9k-h\u00e1l\u00f3zat ki\u00e9p\u00edt\u00e9se&#8221;"},"content":{"rendered":"\n\n\n<p>T\u00e1j\u00e9koztatjuk \u00d6n\u00f6ket, hogy a \u201eKom\u00e1rom, Madzagos kiskert\u00f6vezet &#8211; az \u00faj v\u00edzvezet\u00e9k-h\u00e1l\u00f3zat ki\u00e9p\u00edt\u00e9se&#8221; sor\u00e1n a k\u00f6z\u00fczemi v\u00edzh\u00e1l\u00f3zatra val\u00f3 csatlakoz\u00e1s miatt sz\u00fcnetelni fog az iv\u00f3v\u00edzell\u00e1t\u00e1s az al\u00e1bbi telep\u00fcl\u00e9sr\u00e9szeken. Ezzel egyidej\u0171leg a Kava-Gyulamajor szakaszon a f\u0151v\u00edz\u00f3r\u00e1k cser\u00e9j\u00e9t is tervezz\u00fck. <\/p>\n\n\n\n<p><img loading=\"lazy\" decoding=\"async\" height=\"16\" width=\"16\" src=\"https:\/\/static.xx.fbcdn.net\/images\/emoji.php\/v9\/t51\/1\/16\/1f449.png\" alt=\"\ud83d\udc49\"> 2023. 4. 12-\u00e9n 8:00 \u00e9s 15:00 \u00f3ra k\u00f6z\u00f6tt sz\u00fcnetelni fog az iv\u00f3v\u00edzell\u00e1t\u00e1s Kom\u00e1rom &#8211; Kava, Kom\u00e1rom \u2013 Gyulamajor v\u00e1rosr\u00e9szekben.<\/p>\n\n\n\n<p><img loading=\"lazy\" decoding=\"async\" height=\"16\" width=\"16\" src=\"https:\/\/static.xx.fbcdn.net\/images\/emoji.php\/v9\/t8e\/1\/16\/2139.png\" alt=\"\u2139\ufe0f\"> Az adott ter\u00fcletekre iv\u00f3vizzel megt\u00f6lt\u00f6tt tart\u00e1lykocsikat helyez\u00fcnk ki. A v\u00edzell\u00e1t\u00e1s \u00fajraind\u00edt\u00e1sa sor\u00e1n a v\u00edz optikailag szennyezett lehet.<\/p>\n","protected":false},"excerpt":{"rendered":"<p>T\u00e1j\u00e9koztatjuk \u00d6n\u00f6ket, hogy a \u201eKom\u00e1rom, Madzagos kiskert\u00f6vezet &#8211; az \u00faj v\u00edzvezet\u00e9k-h\u00e1l\u00f3zat ki\u00e9p\u00edt\u00e9se&#8221; sor\u00e1n a k\u00f6z\u00fczemi v\u00edzh\u00e1l\u00f3zatra val\u00f3 csatlakoz\u00e1s miatt sz\u00fcnetelni fog az iv\u00f3v\u00edzell\u00e1t\u00e1s az al\u00e1bbi telep\u00fcl\u00e9sr\u00e9szeken. Ezzel egyidej\u0171leg a Kava-Gyulamajor szakaszon a f\u0151v\u00edz\u00f3r\u00e1k cser\u00e9j\u00e9t is tervezz\u00fck. 2023. 4. 12-\u00e9n 8:00 \u00e9s 15:00 \u00f3ra k\u00f6z\u00f6tt sz\u00fcnetelni fog az iv\u00f3v\u00edzell\u00e1t\u00e1s Kom\u00e1rom &#8211; Kava, Kom\u00e1rom \u2013 Gyulamajor v\u00e1rosr\u00e9szekben. [&#8230;]\n","protected":false},"author":1,"featured_media":6103,"comment_status":"closed","ping_status":"closed","sticky":false,"template":"","format":"standard","meta":{"footnotes":""},"categories":[28],"tags":[],"class_list":["post-6106","post","type-post","status-publish","format-standard","has-post-thumbnail","hentry","category-hirek"],"yoast_head":"<!-- This site is optimized with the Yoast SEO plugin v27.3 - https:\/\/yoast.com\/product\/yoast-seo-wordpress\/ -->\n<title>\u201eKom\u00e1rom, Madzagos kiskert\u00f6vezet - az \u00faj v\u00edzvezet\u00e9k-h\u00e1l\u00f3zat ki\u00e9p\u00edt\u00e9se&quot; &#8226; KOMVak<\/title>\n<meta name=\"robots\" content=\"index, follow, max-snippet:-1, max-image-preview:large, max-video-preview:-1\" \/>\n<link rel=\"canonical\" href=\"https:\/\/komvak.sk\/hu\/komarom-madzagos-kiskertovezet-az-uj-vizvezetek-halozat-kiepitese\/\" \/>\n<meta property=\"og:locale\" content=\"hu_HU\" \/>\n<meta property=\"og:type\" content=\"article\" \/>\n<meta property=\"og:title\" content=\"\u201eKom\u00e1rom, Madzagos kiskert\u00f6vezet - az \u00faj v\u00edzvezet\u00e9k-h\u00e1l\u00f3zat ki\u00e9p\u00edt\u00e9se&quot; &#8226; KOMVak\" \/>\n<meta property=\"og:description\" content=\"T\u00e1j\u00e9koztatjuk \u00d6n\u00f6ket, hogy a \u201eKom\u00e1rom, Madzagos kiskert\u00f6vezet &#8211; az \u00faj v\u00edzvezet\u00e9k-h\u00e1l\u00f3zat ki\u00e9p\u00edt\u00e9se&#8221; sor\u00e1n a k\u00f6z\u00fczemi v\u00edzh\u00e1l\u00f3zatra val\u00f3 csatlakoz\u00e1s miatt sz\u00fcnetelni fog az iv\u00f3v\u00edzell\u00e1t\u00e1s az al\u00e1bbi telep\u00fcl\u00e9sr\u00e9szeken. Ezzel egyidej\u0171leg a Kava-Gyulamajor szakaszon a f\u0151v\u00edz\u00f3r\u00e1k cser\u00e9j\u00e9t is tervezz\u00fck. 2023. 4. 12-\u00e9n 8:00 \u00e9s 15:00 \u00f3ra k\u00f6z\u00f6tt sz\u00fcnetelni fog az iv\u00f3v\u00edzell\u00e1t\u00e1s Kom\u00e1rom &#8211; Kava, Kom\u00e1rom \u2013 Gyulamajor v\u00e1rosr\u00e9szekben. [...]\" \/>\n<meta property=\"og:url\" content=\"https:\/\/komvak.sk\/hu\/komarom-madzagos-kiskertovezet-az-uj-vizvezetek-halozat-kiepitese\/\" \/>\n<meta property=\"og:site_name\" content=\"KOMVak\" \/>\n<meta property=\"article:publisher\" content=\"https:\/\/www.facebook.com\/KOMVaKKomarno\" \/>\n<meta property=\"article:published_time\" content=\"2023-04-04T07:13:49+00:00\" \/>\n<meta property=\"article:modified_time\" content=\"2023-04-04T07:13:51+00:00\" \/>\n<meta property=\"og:image\" content=\"https:\/\/komvak.sk\/wp-content\/uploads\/Komarno_zahradkarska_osada_Madzagos_vodovod-.jpg\" \/>\n\t<meta property=\"og:image:width\" content=\"828\" \/>\n\t<meta property=\"og:image:height\" content=\"543\" \/>\n\t<meta property=\"og:image:type\" content=\"image\/jpeg\" \/>\n<meta name=\"author\" content=\"admin\" \/>\n<meta name=\"twitter:card\" content=\"summary_large_image\" \/>\n<meta name=\"twitter:label1\" content=\"Szerz\u0151:\" \/>\n\t<meta name=\"twitter:data1\" content=\"admin\" \/>\n\t<meta name=\"twitter:label2\" content=\"Becs\u00fclt olvas\u00e1si id\u0151\" \/>\n\t<meta name=\"twitter:data2\" content=\"1 perc\" \/>\n<script type=\"application\/ld+json\" class=\"yoast-schema-graph\">{\"@context\":\"https:\\\/\\\/schema.org\",\"@graph\":[{\"@type\":\"Article\",\"@id\":\"https:\\\/\\\/komvak.sk\\\/hu\\\/komarom-madzagos-kiskertovezet-az-uj-vizvezetek-halozat-kiepitese\\\/#article\",\"isPartOf\":{\"@id\":\"https:\\\/\\\/komvak.sk\\\/hu\\\/komarom-madzagos-kiskertovezet-az-uj-vizvezetek-halozat-kiepitese\\\/\"},\"author\":{\"name\":\"admin\",\"@id\":\"https:\\\/\\\/komvak.sk\\\/hu\\\/#\\\/schema\\\/person\\\/161b5be0b084105024b9948e715cb8bb\"},\"headline\":\"\u201eKom\u00e1rom, Madzagos kiskert\u00f6vezet &#8211; az \u00faj v\u00edzvezet\u00e9k-h\u00e1l\u00f3zat ki\u00e9p\u00edt\u00e9se&#8221;\",\"datePublished\":\"2023-04-04T07:13:49+00:00\",\"dateModified\":\"2023-04-04T07:13:51+00:00\",\"mainEntityOfPage\":{\"@id\":\"https:\\\/\\\/komvak.sk\\\/hu\\\/komarom-madzagos-kiskertovezet-az-uj-vizvezetek-halozat-kiepitese\\\/\"},\"wordCount\":145,\"publisher\":{\"@id\":\"https:\\\/\\\/komvak.sk\\\/hu\\\/#organization\"},\"image\":{\"@id\":\"https:\\\/\\\/komvak.sk\\\/hu\\\/komarom-madzagos-kiskertovezet-az-uj-vizvezetek-halozat-kiepitese\\\/#primaryimage\"},\"thumbnailUrl\":\"https:\\\/\\\/komvak.sk\\\/wp-content\\\/uploads\\\/Komarno_zahradkarska_osada_Madzagos_vodovod-.jpg\",\"articleSection\":[\"H\u00edrek\"],\"inLanguage\":\"hu\"},{\"@type\":\"WebPage\",\"@id\":\"https:\\\/\\\/komvak.sk\\\/hu\\\/komarom-madzagos-kiskertovezet-az-uj-vizvezetek-halozat-kiepitese\\\/\",\"url\":\"https:\\\/\\\/komvak.sk\\\/hu\\\/komarom-madzagos-kiskertovezet-az-uj-vizvezetek-halozat-kiepitese\\\/\",\"name\":\"\u201eKom\u00e1rom, Madzagos kiskert\u00f6vezet - az \u00faj v\u00edzvezet\u00e9k-h\u00e1l\u00f3zat ki\u00e9p\u00edt\u00e9se\\\" &#8226; KOMVak\",\"isPartOf\":{\"@id\":\"https:\\\/\\\/komvak.sk\\\/hu\\\/#website\"},\"primaryImageOfPage\":{\"@id\":\"https:\\\/\\\/komvak.sk\\\/hu\\\/komarom-madzagos-kiskertovezet-az-uj-vizvezetek-halozat-kiepitese\\\/#primaryimage\"},\"image\":{\"@id\":\"https:\\\/\\\/komvak.sk\\\/hu\\\/komarom-madzagos-kiskertovezet-az-uj-vizvezetek-halozat-kiepitese\\\/#primaryimage\"},\"thumbnailUrl\":\"https:\\\/\\\/komvak.sk\\\/wp-content\\\/uploads\\\/Komarno_zahradkarska_osada_Madzagos_vodovod-.jpg\",\"datePublished\":\"2023-04-04T07:13:49+00:00\",\"dateModified\":\"2023-04-04T07:13:51+00:00\",\"breadcrumb\":{\"@id\":\"https:\\\/\\\/komvak.sk\\\/hu\\\/komarom-madzagos-kiskertovezet-az-uj-vizvezetek-halozat-kiepitese\\\/#breadcrumb\"},\"inLanguage\":\"hu\",\"potentialAction\":[{\"@type\":\"ReadAction\",\"target\":[\"https:\\\/\\\/komvak.sk\\\/hu\\\/komarom-madzagos-kiskertovezet-az-uj-vizvezetek-halozat-kiepitese\\\/\"]}]},{\"@type\":\"ImageObject\",\"inLanguage\":\"hu\",\"@id\":\"https:\\\/\\\/komvak.sk\\\/hu\\\/komarom-madzagos-kiskertovezet-az-uj-vizvezetek-halozat-kiepitese\\\/#primaryimage\",\"url\":\"https:\\\/\\\/komvak.sk\\\/wp-content\\\/uploads\\\/Komarno_zahradkarska_osada_Madzagos_vodovod-.jpg\",\"contentUrl\":\"https:\\\/\\\/komvak.sk\\\/wp-content\\\/uploads\\\/Komarno_zahradkarska_osada_Madzagos_vodovod-.jpg\",\"width\":828,\"height\":543},{\"@type\":\"BreadcrumbList\",\"@id\":\"https:\\\/\\\/komvak.sk\\\/hu\\\/komarom-madzagos-kiskertovezet-az-uj-vizvezetek-halozat-kiepitese\\\/#breadcrumb\",\"itemListElement\":[{\"@type\":\"ListItem\",\"position\":1,\"name\":\"Home\",\"item\":\"https:\\\/\\\/komvak.sk\\\/hu\\\/\"},{\"@type\":\"ListItem\",\"position\":2,\"name\":\"\u201eKom\u00e1rom, Madzagos kiskert\u00f6vezet &#8211; az \u00faj v\u00edzvezet\u00e9k-h\u00e1l\u00f3zat ki\u00e9p\u00edt\u00e9se&#8221;\"}]},{\"@type\":\"WebSite\",\"@id\":\"https:\\\/\\\/komvak.sk\\\/hu\\\/#website\",\"url\":\"https:\\\/\\\/komvak.sk\\\/hu\\\/\",\"name\":\"KOMVak\",\"description\":\"Vod\u00e1rne a kanaliz\u00e1cie mesta Kom\u00e1rna, a.s.\",\"publisher\":{\"@id\":\"https:\\\/\\\/komvak.sk\\\/hu\\\/#organization\"},\"potentialAction\":[{\"@type\":\"SearchAction\",\"target\":{\"@type\":\"EntryPoint\",\"urlTemplate\":\"https:\\\/\\\/komvak.sk\\\/hu\\\/?s={search_term_string}\"},\"query-input\":{\"@type\":\"PropertyValueSpecification\",\"valueRequired\":true,\"valueName\":\"search_term_string\"}}],\"inLanguage\":\"hu\"},{\"@type\":\"Organization\",\"@id\":\"https:\\\/\\\/komvak.sk\\\/hu\\\/#organization\",\"name\":\"KOMVaK - Vod\u00e1rne a kanaliz\u00e1cie mesta Kom\u00e1rna, a.s.\",\"url\":\"https:\\\/\\\/komvak.sk\\\/hu\\\/\",\"logo\":{\"@type\":\"ImageObject\",\"inLanguage\":\"hu\",\"@id\":\"https:\\\/\\\/komvak.sk\\\/hu\\\/#\\\/schema\\\/logo\\\/image\\\/\",\"url\":\"https:\\\/\\\/komvak.sk\\\/wp-content\\\/uploads\\\/KOMVak_logo.png\",\"contentUrl\":\"https:\\\/\\\/komvak.sk\\\/wp-content\\\/uploads\\\/KOMVak_logo.png\",\"width\":948,\"height\":619,\"caption\":\"KOMVaK - Vod\u00e1rne a kanaliz\u00e1cie mesta Kom\u00e1rna, a.s.\"},\"image\":{\"@id\":\"https:\\\/\\\/komvak.sk\\\/hu\\\/#\\\/schema\\\/logo\\\/image\\\/\"},\"sameAs\":[\"https:\\\/\\\/www.facebook.com\\\/KOMVaKKomarno\"]},{\"@type\":\"Person\",\"@id\":\"https:\\\/\\\/komvak.sk\\\/hu\\\/#\\\/schema\\\/person\\\/161b5be0b084105024b9948e715cb8bb\",\"name\":\"admin\",\"image\":{\"@type\":\"ImageObject\",\"inLanguage\":\"hu\",\"@id\":\"https:\\\/\\\/secure.gravatar.com\\\/avatar\\\/65f2c3a7a003521cded3b9febc6f07578bf8c0745c7edea0b3031d0c3f0305e9?s=96&d=mm&r=g\",\"url\":\"https:\\\/\\\/secure.gravatar.com\\\/avatar\\\/65f2c3a7a003521cded3b9febc6f07578bf8c0745c7edea0b3031d0c3f0305e9?s=96&d=mm&r=g\",\"contentUrl\":\"https:\\\/\\\/secure.gravatar.com\\\/avatar\\\/65f2c3a7a003521cded3b9febc6f07578bf8c0745c7edea0b3031d0c3f0305e9?s=96&d=mm&r=g\",\"caption\":\"admin\"}}]}<\/script>\n<!-- \/ Yoast SEO plugin. -->","yoast_head_json":{"title":"\u201eKom\u00e1rom, Madzagos kiskert\u00f6vezet - az \u00faj v\u00edzvezet\u00e9k-h\u00e1l\u00f3zat ki\u00e9p\u00edt\u00e9se\" &#8226; KOMVak","robots":{"index":"index","follow":"follow","max-snippet":"max-snippet:-1","max-image-preview":"max-image-preview:large","max-video-preview":"max-video-preview:-1"},"canonical":"https:\/\/komvak.sk\/hu\/komarom-madzagos-kiskertovezet-az-uj-vizvezetek-halozat-kiepitese\/","og_locale":"hu_HU","og_type":"article","og_title":"\u201eKom\u00e1rom, Madzagos kiskert\u00f6vezet - az \u00faj v\u00edzvezet\u00e9k-h\u00e1l\u00f3zat ki\u00e9p\u00edt\u00e9se\" &#8226; KOMVak","og_description":"T\u00e1j\u00e9koztatjuk \u00d6n\u00f6ket, hogy a \u201eKom\u00e1rom, Madzagos kiskert\u00f6vezet &#8211; az \u00faj v\u00edzvezet\u00e9k-h\u00e1l\u00f3zat ki\u00e9p\u00edt\u00e9se&#8221; sor\u00e1n a k\u00f6z\u00fczemi v\u00edzh\u00e1l\u00f3zatra val\u00f3 csatlakoz\u00e1s miatt sz\u00fcnetelni fog az iv\u00f3v\u00edzell\u00e1t\u00e1s az al\u00e1bbi telep\u00fcl\u00e9sr\u00e9szeken. Ezzel egyidej\u0171leg a Kava-Gyulamajor szakaszon a f\u0151v\u00edz\u00f3r\u00e1k cser\u00e9j\u00e9t is tervezz\u00fck. 2023. 4. 12-\u00e9n 8:00 \u00e9s 15:00 \u00f3ra k\u00f6z\u00f6tt sz\u00fcnetelni fog az iv\u00f3v\u00edzell\u00e1t\u00e1s Kom\u00e1rom &#8211; Kava, Kom\u00e1rom \u2013 Gyulamajor v\u00e1rosr\u00e9szekben. [...]","og_url":"https:\/\/komvak.sk\/hu\/komarom-madzagos-kiskertovezet-az-uj-vizvezetek-halozat-kiepitese\/","og_site_name":"KOMVak","article_publisher":"https:\/\/www.facebook.com\/KOMVaKKomarno","article_published_time":"2023-04-04T07:13:49+00:00","article_modified_time":"2023-04-04T07:13:51+00:00","og_image":[{"width":828,"height":543,"url":"https:\/\/komvak.sk\/wp-content\/uploads\/Komarno_zahradkarska_osada_Madzagos_vodovod-.jpg","type":"image\/jpeg"}],"author":"admin","twitter_card":"summary_large_image","twitter_misc":{"Szerz\u0151:":"admin","Becs\u00fclt olvas\u00e1si id\u0151":"1 perc"},"schema":{"@context":"https:\/\/schema.org","@graph":[{"@type":"Article","@id":"https:\/\/komvak.sk\/hu\/komarom-madzagos-kiskertovezet-az-uj-vizvezetek-halozat-kiepitese\/#article","isPartOf":{"@id":"https:\/\/komvak.sk\/hu\/komarom-madzagos-kiskertovezet-az-uj-vizvezetek-halozat-kiepitese\/"},"author":{"name":"admin","@id":"https:\/\/komvak.sk\/hu\/#\/schema\/person\/161b5be0b084105024b9948e715cb8bb"},"headline":"\u201eKom\u00e1rom, Madzagos kiskert\u00f6vezet &#8211; az \u00faj v\u00edzvezet\u00e9k-h\u00e1l\u00f3zat ki\u00e9p\u00edt\u00e9se&#8221;","datePublished":"2023-04-04T07:13:49+00:00","dateModified":"2023-04-04T07:13:51+00:00","mainEntityOfPage":{"@id":"https:\/\/komvak.sk\/hu\/komarom-madzagos-kiskertovezet-az-uj-vizvezetek-halozat-kiepitese\/"},"wordCount":145,"publisher":{"@id":"https:\/\/komvak.sk\/hu\/#organization"},"image":{"@id":"https:\/\/komvak.sk\/hu\/komarom-madzagos-kiskertovezet-az-uj-vizvezetek-halozat-kiepitese\/#primaryimage"},"thumbnailUrl":"https:\/\/komvak.sk\/wp-content\/uploads\/Komarno_zahradkarska_osada_Madzagos_vodovod-.jpg","articleSection":["H\u00edrek"],"inLanguage":"hu"},{"@type":"WebPage","@id":"https:\/\/komvak.sk\/hu\/komarom-madzagos-kiskertovezet-az-uj-vizvezetek-halozat-kiepitese\/","url":"https:\/\/komvak.sk\/hu\/komarom-madzagos-kiskertovezet-az-uj-vizvezetek-halozat-kiepitese\/","name":"\u201eKom\u00e1rom, Madzagos kiskert\u00f6vezet - az \u00faj v\u00edzvezet\u00e9k-h\u00e1l\u00f3zat ki\u00e9p\u00edt\u00e9se\" &#8226; KOMVak","isPartOf":{"@id":"https:\/\/komvak.sk\/hu\/#website"},"primaryImageOfPage":{"@id":"https:\/\/komvak.sk\/hu\/komarom-madzagos-kiskertovezet-az-uj-vizvezetek-halozat-kiepitese\/#primaryimage"},"image":{"@id":"https:\/\/komvak.sk\/hu\/komarom-madzagos-kiskertovezet-az-uj-vizvezetek-halozat-kiepitese\/#primaryimage"},"thumbnailUrl":"https:\/\/komvak.sk\/wp-content\/uploads\/Komarno_zahradkarska_osada_Madzagos_vodovod-.jpg","datePublished":"2023-04-04T07:13:49+00:00","dateModified":"2023-04-04T07:13:51+00:00","breadcrumb":{"@id":"https:\/\/komvak.sk\/hu\/komarom-madzagos-kiskertovezet-az-uj-vizvezetek-halozat-kiepitese\/#breadcrumb"},"inLanguage":"hu","potentialAction":[{"@type":"ReadAction","target":["https:\/\/komvak.sk\/hu\/komarom-madzagos-kiskertovezet-az-uj-vizvezetek-halozat-kiepitese\/"]}]},{"@type":"ImageObject","inLanguage":"hu","@id":"https:\/\/komvak.sk\/hu\/komarom-madzagos-kiskertovezet-az-uj-vizvezetek-halozat-kiepitese\/#primaryimage","url":"https:\/\/komvak.sk\/wp-content\/uploads\/Komarno_zahradkarska_osada_Madzagos_vodovod-.jpg","contentUrl":"https:\/\/komvak.sk\/wp-content\/uploads\/Komarno_zahradkarska_osada_Madzagos_vodovod-.jpg","width":828,"height":543},{"@type":"BreadcrumbList","@id":"https:\/\/komvak.sk\/hu\/komarom-madzagos-kiskertovezet-az-uj-vizvezetek-halozat-kiepitese\/#breadcrumb","itemListElement":[{"@type":"ListItem","position":1,"name":"Home","item":"https:\/\/komvak.sk\/hu\/"},{"@type":"ListItem","position":2,"name":"\u201eKom\u00e1rom, Madzagos kiskert\u00f6vezet &#8211; az \u00faj v\u00edzvezet\u00e9k-h\u00e1l\u00f3zat ki\u00e9p\u00edt\u00e9se&#8221;"}]},{"@type":"WebSite","@id":"https:\/\/komvak.sk\/hu\/#website","url":"https:\/\/komvak.sk\/hu\/","name":"KOMVak","description":"Vod\u00e1rne a kanaliz\u00e1cie mesta Kom\u00e1rna, a.s.","publisher":{"@id":"https:\/\/komvak.sk\/hu\/#organization"},"potentialAction":[{"@type":"SearchAction","target":{"@type":"EntryPoint","urlTemplate":"https:\/\/komvak.sk\/hu\/?s={search_term_string}"},"query-input":{"@type":"PropertyValueSpecification","valueRequired":true,"valueName":"search_term_string"}}],"inLanguage":"hu"},{"@type":"Organization","@id":"https:\/\/komvak.sk\/hu\/#organization","name":"KOMVaK - Vod\u00e1rne a kanaliz\u00e1cie mesta Kom\u00e1rna, a.s.","url":"https:\/\/komvak.sk\/hu\/","logo":{"@type":"ImageObject","inLanguage":"hu","@id":"https:\/\/komvak.sk\/hu\/#\/schema\/logo\/image\/","url":"https:\/\/komvak.sk\/wp-content\/uploads\/KOMVak_logo.png","contentUrl":"https:\/\/komvak.sk\/wp-content\/uploads\/KOMVak_logo.png","width":948,"height":619,"caption":"KOMVaK - Vod\u00e1rne a kanaliz\u00e1cie mesta Kom\u00e1rna, a.s."},"image":{"@id":"https:\/\/komvak.sk\/hu\/#\/schema\/logo\/image\/"},"sameAs":["https:\/\/www.facebook.com\/KOMVaKKomarno"]},{"@type":"Person","@id":"https:\/\/komvak.sk\/hu\/#\/schema\/person\/161b5be0b084105024b9948e715cb8bb","name":"admin","image":{"@type":"ImageObject","inLanguage":"hu","@id":"https:\/\/secure.gravatar.com\/avatar\/65f2c3a7a003521cded3b9febc6f07578bf8c0745c7edea0b3031d0c3f0305e9?s=96&d=mm&r=g","url":"https:\/\/secure.gravatar.com\/avatar\/65f2c3a7a003521cded3b9febc6f07578bf8c0745c7edea0b3031d0c3f0305e9?s=96&d=mm&r=g","contentUrl":"https:\/\/secure.gravatar.com\/avatar\/65f2c3a7a003521cded3b9febc6f07578bf8c0745c7edea0b3031d0c3f0305e9?s=96&d=mm&r=g","caption":"admin"}}]}},"_links":{"self":[{"href":"https:\/\/komvak.sk\/hu\/wp-json\/wp\/v2\/posts\/6106","targetHints":{"allow":["GET"]}}],"collection":[{"href":"https:\/\/komvak.sk\/hu\/wp-json\/wp\/v2\/posts"}],"about":[{"href":"https:\/\/komvak.sk\/hu\/wp-json\/wp\/v2\/types\/post"}],"author":[{"embeddable":true,"href":"https:\/\/komvak.sk\/hu\/wp-json\/wp\/v2\/users\/1"}],"replies":[{"embeddable":true,"href":"https:\/\/komvak.sk\/hu\/wp-json\/wp\/v2\/comments?post=6106"}],"version-history":[{"count":0,"href":"https:\/\/komvak.sk\/hu\/wp-json\/wp\/v2\/posts\/6106\/revisions"}],"wp:featuredmedia":[{"embeddable":true,"href":"https:\/\/komvak.sk\/hu\/wp-json\/wp\/v2\/media\/6103"}],"wp:attachment":[{"href":"https:\/\/komvak.sk\/hu\/wp-json\/wp\/v2\/media?parent=6106"}],"wp:term":[{"taxonomy":"category","embeddable":true,"href":"https:\/\/komvak.sk\/hu\/wp-json\/wp\/v2\/categories?post=6106"},{"taxonomy":"post_tag","embeddable":true,"href":"https:\/\/komvak.sk\/hu\/wp-json\/wp\/v2\/tags?post=6106"}],"curies":[{"name":"wp","href":"https:\/\/api.w.org\/{rel}","templated":true}]}}