{"id":7004,"date":"2024-09-12T09:07:23","date_gmt":"2024-09-12T07:07:23","guid":{"rendered":"https:\/\/komvak.sk\/ertesites-8\/"},"modified":"2024-09-12T09:29:23","modified_gmt":"2024-09-12T07:29:23","slug":"ertesites-8","status":"publish","type":"post","link":"https:\/\/komvak.sk\/hu\/ertesites-8\/","title":{"rendered":"\u00c9rtes\u00edt\u00e9s"},"content":{"rendered":"\n<p>\ud83d\udce3 A KOMVaK v\u00e1llalat figyelmezteti a lakosokat, hogy az id\u0151j\u00e1r\u00e1s el\u0151rejelz\u00e9sek szerint cs\u00fct\u00f6rt\u00f6k est\u00e9t\u0151l t\u00f6bb napon kereszt\u00fcl nagy mennyis\u00e9g\u0171 \ud83c\udf27\ufe0f\ud83c\udf29\ufe0f csapad\u00e9k  eshet. A heves es\u0151z\u00e9s gondokat okozhat, t\u00f6bb helyen is sz\u00e1molnak \u00e1rv\u00edz szer\u0171 zuhataggal.<br \/>\n   A KOMVaK az elm\u00falt napokban is intenz\u00edven takar\u00edtotta \ud83d\udc77a lefoly\u00f3kat, hogy a legjobban felk\u00e9sz\u00fclj\u00f6n a csatornah\u00e1l\u00f3zat a nagy mennyis\u00e9g\u0171 csapad\u00e9kra. Tiszt\u00edtott\u00e1k lefoly\u00f3kat \u2714\ufe0f, a v\u00edznyel\u0151ket \u2714\ufe0f a, z\u00e1r\u00f3csapokat \u2714\ufe0f. Ellen\u0151rzik az \u00e1temel\u0151- \u00e9s tiszt\u00edt\u00f3 \u00e1llom\u00e1sok \u2714vezet\u00e9keit is.<br \/>\nA v\u00e1llalat arra k\u00e9ri a lakosokat, hogy lak\u00f3k\u00f6rnyezet\u00fckben ellen\u0151rizz\u00e9k a lefoly\u00f3kat \u00e9s a csatorn\u00e1kat. Amennyiben lev\u00e9l \ud83c\udf42\ud83c\udf43\ud83c\udf41 vagy m\u00e1s hordal\u00e9kkal van behordva, \u00fagy azt t\u00e1vol\u00edts\u00e1k el. Amennyiben a \u261d\ufe0flefoly\u00f3ban \u00e9szlelnek dugul\u00e1st, \u00fagy keress\u00e9k a KOMVaK \ud83d\udc49 www.komvak.sk v\u00e1llalatot, amely mihamarabb leellen\u0151rzi a lefoly\u00f3t. Azokn\u00e1l a h\u00e1zakn\u00e1l, ahol m\u00e9lyebben tal\u00e1lhat\u00f3ak a gar\u00e1zsok (vagy m\u00e1s helyis\u00e9gek), \u00e9rdemes k\u00fcl\u00f6n \u00f3vint\u00e9zked\u00e9seket tenni. A lak\u00e1sokban ne maradjanak nyitva az ablakok, amennyiben nem tart\u00f3zkodunk otthon. A parkol\u00e1s \ud83d\ude97 eset\u00e9n figyelj\u00fcnk oda, hogy a f\u00e1kr\u00f3l \u00e1gak t\u00f6rhetnek le.<br \/>\nAz extr\u00e9m csapad\u00e9kmennyis\u00e9g minden csatornarendszernek komoly kih\u00edv\u00e1s, azonban tudatos el\u0151k\u00e9sz\u00fcletek jelent\u0151sen cs\u00f6kkenthet\u0151ek a k\u00e1rok \u00e9s a gondok.<br \/>\nA KOMVaK ez\u00e9rt k\u00e9ri a lakosok egy\u00fcttm\u0171k\u00f6d\u00e9s\u00e9t \u00e9s seg\u00edts\u00e9g\u00e9t.<br \/>\nK\u00f6sz\u00f6nj\u00fck \ud83d\ude4f<\/p>\n\n\n","protected":false},"excerpt":{"rendered":"<p>A KOMVaK v\u00e1llalat figyelmezteti a lakosokat, hogy az id\u0151j\u00e1r\u00e1s el\u0151rejelz\u00e9sek szerint cs\u00fct\u00f6rt\u00f6k est\u00e9t\u0151l t\u00f6bb napon kereszt\u00fcl nagy mennyis\u00e9g\u0171 csapad\u00e9k eshet.<\/p>\n","protected":false},"author":1,"featured_media":4892,"comment_status":"open","ping_status":"open","sticky":false,"template":"","format":"standard","meta":{"footnotes":""},"categories":[28],"tags":[],"class_list":["post-7004","post","type-post","status-publish","format-standard","has-post-thumbnail","hentry","category-hirek"],"yoast_head":"<!-- This site is optimized with the Yoast SEO plugin v27.3 - https:\/\/yoast.com\/product\/yoast-seo-wordpress\/ -->\n<title>\u00c9rtes\u00edt\u00e9s &#8226; KOMVak<\/title>\n<meta name=\"robots\" content=\"index, follow, max-snippet:-1, max-image-preview:large, max-video-preview:-1\" \/>\n<link rel=\"canonical\" href=\"https:\/\/komvak.sk\/hu\/ertesites-8\/\" \/>\n<meta property=\"og:locale\" content=\"hu_HU\" \/>\n<meta property=\"og:type\" content=\"article\" \/>\n<meta property=\"og:title\" content=\"\u00c9rtes\u00edt\u00e9s &#8226; KOMVak\" \/>\n<meta property=\"og:description\" content=\"A KOMVaK v\u00e1llalat figyelmezteti a lakosokat, hogy az id\u0151j\u00e1r\u00e1s el\u0151rejelz\u00e9sek szerint cs\u00fct\u00f6rt\u00f6k est\u00e9t\u0151l t\u00f6bb napon kereszt\u00fcl nagy mennyis\u00e9g\u0171 csapad\u00e9k eshet.\" \/>\n<meta property=\"og:url\" content=\"https:\/\/komvak.sk\/hu\/ertesites-8\/\" \/>\n<meta property=\"og:site_name\" content=\"KOMVak\" \/>\n<meta property=\"article:publisher\" content=\"https:\/\/www.facebook.com\/KOMVaKKomarno\" \/>\n<meta property=\"article:published_time\" content=\"2024-09-12T07:07:23+00:00\" \/>\n<meta property=\"article:modified_time\" content=\"2024-09-12T07:29:23+00:00\" \/>\n<meta property=\"og:image\" content=\"https:\/\/komvak.sk\/wp-content\/uploads\/fontos-informacio-hu.png\" \/>\n\t<meta property=\"og:image:width\" content=\"1600\" \/>\n\t<meta property=\"og:image:height\" content=\"802\" \/>\n\t<meta property=\"og:image:type\" content=\"image\/png\" \/>\n<meta name=\"author\" content=\"admin\" \/>\n<meta name=\"twitter:card\" content=\"summary_large_image\" \/>\n<meta name=\"twitter:label1\" content=\"Szerz\u0151:\" \/>\n\t<meta name=\"twitter:data1\" content=\"admin\" \/>\n\t<meta name=\"twitter:label2\" content=\"Becs\u00fclt olvas\u00e1si id\u0151\" \/>\n\t<meta name=\"twitter:data2\" content=\"2 perc\" \/>\n<script type=\"application\/ld+json\" class=\"yoast-schema-graph\">{\"@context\":\"https:\\\/\\\/schema.org\",\"@graph\":[{\"@type\":\"Article\",\"@id\":\"https:\\\/\\\/komvak.sk\\\/hu\\\/ertesites-8\\\/#article\",\"isPartOf\":{\"@id\":\"https:\\\/\\\/komvak.sk\\\/hu\\\/ertesites-8\\\/\"},\"author\":{\"name\":\"admin\",\"@id\":\"https:\\\/\\\/komvak.sk\\\/hu\\\/#\\\/schema\\\/person\\\/161b5be0b084105024b9948e715cb8bb\"},\"headline\":\"\u00c9rtes\u00edt\u00e9s\",\"datePublished\":\"2024-09-12T07:07:23+00:00\",\"dateModified\":\"2024-09-12T07:29:23+00:00\",\"mainEntityOfPage\":{\"@id\":\"https:\\\/\\\/komvak.sk\\\/hu\\\/ertesites-8\\\/\"},\"wordCount\":286,\"commentCount\":0,\"publisher\":{\"@id\":\"https:\\\/\\\/komvak.sk\\\/hu\\\/#organization\"},\"image\":{\"@id\":\"https:\\\/\\\/komvak.sk\\\/hu\\\/ertesites-8\\\/#primaryimage\"},\"thumbnailUrl\":\"https:\\\/\\\/komvak.sk\\\/wp-content\\\/uploads\\\/fontos-informacio-hu.png\",\"articleSection\":[\"H\u00edrek\"],\"inLanguage\":\"hu\",\"potentialAction\":[{\"@type\":\"CommentAction\",\"name\":\"Comment\",\"target\":[\"https:\\\/\\\/komvak.sk\\\/hu\\\/ertesites-8\\\/#respond\"]}]},{\"@type\":\"WebPage\",\"@id\":\"https:\\\/\\\/komvak.sk\\\/hu\\\/ertesites-8\\\/\",\"url\":\"https:\\\/\\\/komvak.sk\\\/hu\\\/ertesites-8\\\/\",\"name\":\"\u00c9rtes\u00edt\u00e9s &#8226; KOMVak\",\"isPartOf\":{\"@id\":\"https:\\\/\\\/komvak.sk\\\/hu\\\/#website\"},\"primaryImageOfPage\":{\"@id\":\"https:\\\/\\\/komvak.sk\\\/hu\\\/ertesites-8\\\/#primaryimage\"},\"image\":{\"@id\":\"https:\\\/\\\/komvak.sk\\\/hu\\\/ertesites-8\\\/#primaryimage\"},\"thumbnailUrl\":\"https:\\\/\\\/komvak.sk\\\/wp-content\\\/uploads\\\/fontos-informacio-hu.png\",\"datePublished\":\"2024-09-12T07:07:23+00:00\",\"dateModified\":\"2024-09-12T07:29:23+00:00\",\"breadcrumb\":{\"@id\":\"https:\\\/\\\/komvak.sk\\\/hu\\\/ertesites-8\\\/#breadcrumb\"},\"inLanguage\":\"hu\",\"potentialAction\":[{\"@type\":\"ReadAction\",\"target\":[\"https:\\\/\\\/komvak.sk\\\/hu\\\/ertesites-8\\\/\"]}]},{\"@type\":\"ImageObject\",\"inLanguage\":\"hu\",\"@id\":\"https:\\\/\\\/komvak.sk\\\/hu\\\/ertesites-8\\\/#primaryimage\",\"url\":\"https:\\\/\\\/komvak.sk\\\/wp-content\\\/uploads\\\/fontos-informacio-hu.png\",\"contentUrl\":\"https:\\\/\\\/komvak.sk\\\/wp-content\\\/uploads\\\/fontos-informacio-hu.png\",\"width\":1600,\"height\":802},{\"@type\":\"BreadcrumbList\",\"@id\":\"https:\\\/\\\/komvak.sk\\\/hu\\\/ertesites-8\\\/#breadcrumb\",\"itemListElement\":[{\"@type\":\"ListItem\",\"position\":1,\"name\":\"Home\",\"item\":\"https:\\\/\\\/komvak.sk\\\/hu\\\/\"},{\"@type\":\"ListItem\",\"position\":2,\"name\":\"\u00c9rtes\u00edt\u00e9s\"}]},{\"@type\":\"WebSite\",\"@id\":\"https:\\\/\\\/komvak.sk\\\/hu\\\/#website\",\"url\":\"https:\\\/\\\/komvak.sk\\\/hu\\\/\",\"name\":\"KOMVak\",\"description\":\"Vod\u00e1rne a kanaliz\u00e1cie mesta Kom\u00e1rna, a.s.\",\"publisher\":{\"@id\":\"https:\\\/\\\/komvak.sk\\\/hu\\\/#organization\"},\"potentialAction\":[{\"@type\":\"SearchAction\",\"target\":{\"@type\":\"EntryPoint\",\"urlTemplate\":\"https:\\\/\\\/komvak.sk\\\/hu\\\/?s={search_term_string}\"},\"query-input\":{\"@type\":\"PropertyValueSpecification\",\"valueRequired\":true,\"valueName\":\"search_term_string\"}}],\"inLanguage\":\"hu\"},{\"@type\":\"Organization\",\"@id\":\"https:\\\/\\\/komvak.sk\\\/hu\\\/#organization\",\"name\":\"KOMVaK - Vod\u00e1rne a kanaliz\u00e1cie mesta Kom\u00e1rna, a.s.\",\"url\":\"https:\\\/\\\/komvak.sk\\\/hu\\\/\",\"logo\":{\"@type\":\"ImageObject\",\"inLanguage\":\"hu\",\"@id\":\"https:\\\/\\\/komvak.sk\\\/hu\\\/#\\\/schema\\\/logo\\\/image\\\/\",\"url\":\"https:\\\/\\\/komvak.sk\\\/wp-content\\\/uploads\\\/KOMVak_logo.png\",\"contentUrl\":\"https:\\\/\\\/komvak.sk\\\/wp-content\\\/uploads\\\/KOMVak_logo.png\",\"width\":948,\"height\":619,\"caption\":\"KOMVaK - Vod\u00e1rne a kanaliz\u00e1cie mesta Kom\u00e1rna, a.s.\"},\"image\":{\"@id\":\"https:\\\/\\\/komvak.sk\\\/hu\\\/#\\\/schema\\\/logo\\\/image\\\/\"},\"sameAs\":[\"https:\\\/\\\/www.facebook.com\\\/KOMVaKKomarno\"]},{\"@type\":\"Person\",\"@id\":\"https:\\\/\\\/komvak.sk\\\/hu\\\/#\\\/schema\\\/person\\\/161b5be0b084105024b9948e715cb8bb\",\"name\":\"admin\",\"image\":{\"@type\":\"ImageObject\",\"inLanguage\":\"hu\",\"@id\":\"https:\\\/\\\/secure.gravatar.com\\\/avatar\\\/65f2c3a7a003521cded3b9febc6f07578bf8c0745c7edea0b3031d0c3f0305e9?s=96&d=mm&r=g\",\"url\":\"https:\\\/\\\/secure.gravatar.com\\\/avatar\\\/65f2c3a7a003521cded3b9febc6f07578bf8c0745c7edea0b3031d0c3f0305e9?s=96&d=mm&r=g\",\"contentUrl\":\"https:\\\/\\\/secure.gravatar.com\\\/avatar\\\/65f2c3a7a003521cded3b9febc6f07578bf8c0745c7edea0b3031d0c3f0305e9?s=96&d=mm&r=g\",\"caption\":\"admin\"}}]}<\/script>\n<!-- \/ Yoast SEO plugin. -->","yoast_head_json":{"title":"\u00c9rtes\u00edt\u00e9s &#8226; KOMVak","robots":{"index":"index","follow":"follow","max-snippet":"max-snippet:-1","max-image-preview":"max-image-preview:large","max-video-preview":"max-video-preview:-1"},"canonical":"https:\/\/komvak.sk\/hu\/ertesites-8\/","og_locale":"hu_HU","og_type":"article","og_title":"\u00c9rtes\u00edt\u00e9s &#8226; KOMVak","og_description":"A KOMVaK v\u00e1llalat figyelmezteti a lakosokat, hogy az id\u0151j\u00e1r\u00e1s el\u0151rejelz\u00e9sek szerint cs\u00fct\u00f6rt\u00f6k est\u00e9t\u0151l t\u00f6bb napon kereszt\u00fcl nagy mennyis\u00e9g\u0171 csapad\u00e9k eshet.","og_url":"https:\/\/komvak.sk\/hu\/ertesites-8\/","og_site_name":"KOMVak","article_publisher":"https:\/\/www.facebook.com\/KOMVaKKomarno","article_published_time":"2024-09-12T07:07:23+00:00","article_modified_time":"2024-09-12T07:29:23+00:00","og_image":[{"width":1600,"height":802,"url":"https:\/\/komvak.sk\/wp-content\/uploads\/fontos-informacio-hu.png","type":"image\/png"}],"author":"admin","twitter_card":"summary_large_image","twitter_misc":{"Szerz\u0151:":"admin","Becs\u00fclt olvas\u00e1si id\u0151":"2 perc"},"schema":{"@context":"https:\/\/schema.org","@graph":[{"@type":"Article","@id":"https:\/\/komvak.sk\/hu\/ertesites-8\/#article","isPartOf":{"@id":"https:\/\/komvak.sk\/hu\/ertesites-8\/"},"author":{"name":"admin","@id":"https:\/\/komvak.sk\/hu\/#\/schema\/person\/161b5be0b084105024b9948e715cb8bb"},"headline":"\u00c9rtes\u00edt\u00e9s","datePublished":"2024-09-12T07:07:23+00:00","dateModified":"2024-09-12T07:29:23+00:00","mainEntityOfPage":{"@id":"https:\/\/komvak.sk\/hu\/ertesites-8\/"},"wordCount":286,"commentCount":0,"publisher":{"@id":"https:\/\/komvak.sk\/hu\/#organization"},"image":{"@id":"https:\/\/komvak.sk\/hu\/ertesites-8\/#primaryimage"},"thumbnailUrl":"https:\/\/komvak.sk\/wp-content\/uploads\/fontos-informacio-hu.png","articleSection":["H\u00edrek"],"inLanguage":"hu","potentialAction":[{"@type":"CommentAction","name":"Comment","target":["https:\/\/komvak.sk\/hu\/ertesites-8\/#respond"]}]},{"@type":"WebPage","@id":"https:\/\/komvak.sk\/hu\/ertesites-8\/","url":"https:\/\/komvak.sk\/hu\/ertesites-8\/","name":"\u00c9rtes\u00edt\u00e9s &#8226; KOMVak","isPartOf":{"@id":"https:\/\/komvak.sk\/hu\/#website"},"primaryImageOfPage":{"@id":"https:\/\/komvak.sk\/hu\/ertesites-8\/#primaryimage"},"image":{"@id":"https:\/\/komvak.sk\/hu\/ertesites-8\/#primaryimage"},"thumbnailUrl":"https:\/\/komvak.sk\/wp-content\/uploads\/fontos-informacio-hu.png","datePublished":"2024-09-12T07:07:23+00:00","dateModified":"2024-09-12T07:29:23+00:00","breadcrumb":{"@id":"https:\/\/komvak.sk\/hu\/ertesites-8\/#breadcrumb"},"inLanguage":"hu","potentialAction":[{"@type":"ReadAction","target":["https:\/\/komvak.sk\/hu\/ertesites-8\/"]}]},{"@type":"ImageObject","inLanguage":"hu","@id":"https:\/\/komvak.sk\/hu\/ertesites-8\/#primaryimage","url":"https:\/\/komvak.sk\/wp-content\/uploads\/fontos-informacio-hu.png","contentUrl":"https:\/\/komvak.sk\/wp-content\/uploads\/fontos-informacio-hu.png","width":1600,"height":802},{"@type":"BreadcrumbList","@id":"https:\/\/komvak.sk\/hu\/ertesites-8\/#breadcrumb","itemListElement":[{"@type":"ListItem","position":1,"name":"Home","item":"https:\/\/komvak.sk\/hu\/"},{"@type":"ListItem","position":2,"name":"\u00c9rtes\u00edt\u00e9s"}]},{"@type":"WebSite","@id":"https:\/\/komvak.sk\/hu\/#website","url":"https:\/\/komvak.sk\/hu\/","name":"KOMVak","description":"Vod\u00e1rne a kanaliz\u00e1cie mesta Kom\u00e1rna, a.s.","publisher":{"@id":"https:\/\/komvak.sk\/hu\/#organization"},"potentialAction":[{"@type":"SearchAction","target":{"@type":"EntryPoint","urlTemplate":"https:\/\/komvak.sk\/hu\/?s={search_term_string}"},"query-input":{"@type":"PropertyValueSpecification","valueRequired":true,"valueName":"search_term_string"}}],"inLanguage":"hu"},{"@type":"Organization","@id":"https:\/\/komvak.sk\/hu\/#organization","name":"KOMVaK - Vod\u00e1rne a kanaliz\u00e1cie mesta Kom\u00e1rna, a.s.","url":"https:\/\/komvak.sk\/hu\/","logo":{"@type":"ImageObject","inLanguage":"hu","@id":"https:\/\/komvak.sk\/hu\/#\/schema\/logo\/image\/","url":"https:\/\/komvak.sk\/wp-content\/uploads\/KOMVak_logo.png","contentUrl":"https:\/\/komvak.sk\/wp-content\/uploads\/KOMVak_logo.png","width":948,"height":619,"caption":"KOMVaK - Vod\u00e1rne a kanaliz\u00e1cie mesta Kom\u00e1rna, a.s."},"image":{"@id":"https:\/\/komvak.sk\/hu\/#\/schema\/logo\/image\/"},"sameAs":["https:\/\/www.facebook.com\/KOMVaKKomarno"]},{"@type":"Person","@id":"https:\/\/komvak.sk\/hu\/#\/schema\/person\/161b5be0b084105024b9948e715cb8bb","name":"admin","image":{"@type":"ImageObject","inLanguage":"hu","@id":"https:\/\/secure.gravatar.com\/avatar\/65f2c3a7a003521cded3b9febc6f07578bf8c0745c7edea0b3031d0c3f0305e9?s=96&d=mm&r=g","url":"https:\/\/secure.gravatar.com\/avatar\/65f2c3a7a003521cded3b9febc6f07578bf8c0745c7edea0b3031d0c3f0305e9?s=96&d=mm&r=g","contentUrl":"https:\/\/secure.gravatar.com\/avatar\/65f2c3a7a003521cded3b9febc6f07578bf8c0745c7edea0b3031d0c3f0305e9?s=96&d=mm&r=g","caption":"admin"}}]}},"_links":{"self":[{"href":"https:\/\/komvak.sk\/hu\/wp-json\/wp\/v2\/posts\/7004","targetHints":{"allow":["GET"]}}],"collection":[{"href":"https:\/\/komvak.sk\/hu\/wp-json\/wp\/v2\/posts"}],"about":[{"href":"https:\/\/komvak.sk\/hu\/wp-json\/wp\/v2\/types\/post"}],"author":[{"embeddable":true,"href":"https:\/\/komvak.sk\/hu\/wp-json\/wp\/v2\/users\/1"}],"replies":[{"embeddable":true,"href":"https:\/\/komvak.sk\/hu\/wp-json\/wp\/v2\/comments?post=7004"}],"version-history":[{"count":0,"href":"https:\/\/komvak.sk\/hu\/wp-json\/wp\/v2\/posts\/7004\/revisions"}],"wp:featuredmedia":[{"embeddable":true,"href":"https:\/\/komvak.sk\/hu\/wp-json\/wp\/v2\/media\/4892"}],"wp:attachment":[{"href":"https:\/\/komvak.sk\/hu\/wp-json\/wp\/v2\/media?parent=7004"}],"wp:term":[{"taxonomy":"category","embeddable":true,"href":"https:\/\/komvak.sk\/hu\/wp-json\/wp\/v2\/categories?post=7004"},{"taxonomy":"post_tag","embeddable":true,"href":"https:\/\/komvak.sk\/hu\/wp-json\/wp\/v2\/tags?post=7004"}],"curies":[{"name":"wp","href":"https:\/\/api.w.org\/{rel}","templated":true}]}}