{"id":7882,"date":"2026-03-24T07:54:16","date_gmt":"2026-03-24T06:54:16","guid":{"rendered":"https:\/\/komvak.sk\/?p=7882"},"modified":"2026-03-24T07:54:16","modified_gmt":"2026-03-24T06:54:16","slug":"ragcsaloirtas-30-03-2026-tol-22-05-2026-ig","status":"publish","type":"post","link":"https:\/\/komvak.sk\/hu\/ragcsaloirtas-30-03-2026-tol-22-05-2026-ig\/","title":{"rendered":"R\u00e1gcs\u00e1l\u00f3irt\u00e1s 30.03.2026-t\u00f3l 22.05.2026-ig"},"content":{"rendered":"\n<div dir=\"auto\">KOMVaK \u2013 Kom\u00e1rom V\u00e1ros V\u00edzm\u0171vei \u00e9s Csatornam\u0171vei a.s. \u00e9rtes\u00edti a lakoss\u00e1got, hogy 30.03.2026 \u00e9s 22.05.2026 k\u00f6z\u00f6tt v\u00e1rosszerte elv\u00e9gzik a k\u00f6zcsatorna-h\u00e1l\u00f3zat \u00e1tfog\u00f3 r\u00e1gcs\u00e1l\u00f3irt\u00e1s\u00e1t Kom\u00e1rom v\u00e1ros ter\u00fclet\u00e9n.<\/div>\n<div dir=\"auto\">Felhi\u0301vjuk a ha\u0301zia\u0301llatok e\u0301s haszona\u0301llatok tulajdonosainak figyelme\u0301t, hogy a r\u00e1gcs\u00e1l\u00f3irt\u00e1s id\u0151tartama alatt ford\u00edtsanak fokozott figyelmet r\u00e1juk, tova\u0301bba\u0301 akada\u0301lyozza\u0301k meg, hogy hozza\u0301jussanak a lehelyezett csale\u0301tkekhez a csatornaleja\u0301ratok ko\u0308rnye\u0301ke\u0301n.<\/div>\n<div dir=\"auto\"> <\/div>\n\n<p><a href=\"https:\/\/komvak.sk\/wp-content\/uploads\/CELOMESTSKA-DERATIZACIA-KANALIZACNEJ-SIETE-HARMONOGRAM-Jar-2026-Komvak-.pdf\">harmonogram celoplo\u0161nej deratiz\u00e1cie 2026<\/a><\/p>\n","protected":false},"excerpt":{"rendered":"<p>KOMVaK \u2013 Kom\u00e1rom V\u00e1ros V\u00edzm\u0171vei \u00e9s Csatornam\u0171vei a.s. \u00e9rtes\u00edti a lakoss\u00e1got, hogy 30.03.2026 \u00e9s 22.05.2026 k\u00f6z\u00f6tt v\u00e1rosszerte elv\u00e9gzik a k\u00f6zcsatorna-h\u00e1l\u00f3zat \u00e1tfog\u00f3 r\u00e1gcs\u00e1l\u00f3irt\u00e1s\u00e1t Kom\u00e1rom v\u00e1ros ter\u00fclet\u00e9n. Felhi\u0301vjuk a ha\u0301zia\u0301llatok e\u0301s haszona\u0301llatok tulajdonosainak figyelme\u0301t, hogy a r\u00e1gcs\u00e1l\u00f3irt\u00e1s id\u0151tartama alatt ford\u00edtsanak fokozott figyelmet r\u00e1juk, tova\u0301bba\u0301 akada\u0301lyozza\u0301k meg, hogy hozza\u0301jussanak a lehelyezett csale\u0301tkekhez a csatornaleja\u0301ratok ko\u0308rnye\u0301ke\u0301n. harmonogram celoplo\u0161nej deratiz\u00e1cie [&#8230;]\n","protected":false},"author":1,"featured_media":6098,"comment_status":"open","ping_status":"open","sticky":false,"template":"","format":"standard","meta":{"footnotes":""},"categories":[28],"tags":[],"class_list":["post-7882","post","type-post","status-publish","format-standard","has-post-thumbnail","hentry","category-hirek"],"yoast_head":"<!-- This site is optimized with the Yoast SEO plugin v27.3 - https:\/\/yoast.com\/product\/yoast-seo-wordpress\/ -->\n<title>R\u00e1gcs\u00e1l\u00f3irt\u00e1s 30.03.2026-t\u00f3l 22.05.2026-ig &#8226; KOMVak<\/title>\n<meta name=\"robots\" content=\"index, follow, max-snippet:-1, max-image-preview:large, max-video-preview:-1\" \/>\n<link rel=\"canonical\" href=\"https:\/\/komvak.sk\/hu\/ragcsaloirtas-30-03-2026-tol-22-05-2026-ig\/\" \/>\n<meta property=\"og:locale\" content=\"hu_HU\" \/>\n<meta property=\"og:type\" content=\"article\" \/>\n<meta property=\"og:title\" content=\"R\u00e1gcs\u00e1l\u00f3irt\u00e1s 30.03.2026-t\u00f3l 22.05.2026-ig &#8226; KOMVak\" \/>\n<meta property=\"og:description\" content=\"KOMVaK \u2013 Kom\u00e1rom V\u00e1ros V\u00edzm\u0171vei \u00e9s Csatornam\u0171vei a.s. \u00e9rtes\u00edti a lakoss\u00e1got, hogy 30.03.2026 \u00e9s 22.05.2026 k\u00f6z\u00f6tt v\u00e1rosszerte elv\u00e9gzik a k\u00f6zcsatorna-h\u00e1l\u00f3zat \u00e1tfog\u00f3 r\u00e1gcs\u00e1l\u00f3irt\u00e1s\u00e1t Kom\u00e1rom v\u00e1ros ter\u00fclet\u00e9n. Felhi\u0301vjuk a ha\u0301zia\u0301llatok e\u0301s haszona\u0301llatok tulajdonosainak figyelme\u0301t, hogy a r\u00e1gcs\u00e1l\u00f3irt\u00e1s id\u0151tartama alatt ford\u00edtsanak fokozott figyelmet r\u00e1juk, tova\u0301bba\u0301 akada\u0301lyozza\u0301k meg, hogy hozza\u0301jussanak a lehelyezett csale\u0301tkekhez a csatornaleja\u0301ratok ko\u0308rnye\u0301ke\u0301n. harmonogram celoplo\u0161nej deratiz\u00e1cie [...]\" \/>\n<meta property=\"og:url\" content=\"https:\/\/komvak.sk\/hu\/ragcsaloirtas-30-03-2026-tol-22-05-2026-ig\/\" \/>\n<meta property=\"og:site_name\" content=\"KOMVak\" \/>\n<meta property=\"article:publisher\" content=\"https:\/\/www.facebook.com\/KOMVaKKomarno\" \/>\n<meta property=\"article:published_time\" content=\"2026-03-24T06:54:16+00:00\" \/>\n<meta property=\"og:image\" content=\"https:\/\/komvak.sk\/wp-content\/uploads\/deratizacia_2023_1.jpg\" \/>\n\t<meta property=\"og:image:width\" content=\"1600\" \/>\n\t<meta property=\"og:image:height\" content=\"802\" \/>\n\t<meta property=\"og:image:type\" content=\"image\/jpeg\" \/>\n<meta name=\"author\" content=\"admin\" \/>\n<meta name=\"twitter:card\" content=\"summary_large_image\" \/>\n<meta name=\"twitter:label1\" content=\"Szerz\u0151:\" \/>\n\t<meta name=\"twitter:data1\" content=\"admin\" \/>\n\t<meta name=\"twitter:label2\" content=\"Becs\u00fclt olvas\u00e1si id\u0151\" \/>\n\t<meta name=\"twitter:data2\" content=\"1 perc\" \/>\n<script type=\"application\/ld+json\" class=\"yoast-schema-graph\">{\"@context\":\"https:\\\/\\\/schema.org\",\"@graph\":[{\"@type\":\"Article\",\"@id\":\"https:\\\/\\\/komvak.sk\\\/hu\\\/ragcsaloirtas-30-03-2026-tol-22-05-2026-ig\\\/#article\",\"isPartOf\":{\"@id\":\"https:\\\/\\\/komvak.sk\\\/hu\\\/ragcsaloirtas-30-03-2026-tol-22-05-2026-ig\\\/\"},\"author\":{\"name\":\"admin\",\"@id\":\"https:\\\/\\\/komvak.sk\\\/hu\\\/#\\\/schema\\\/person\\\/161b5be0b084105024b9948e715cb8bb\"},\"headline\":\"R\u00e1gcs\u00e1l\u00f3irt\u00e1s 30.03.2026-t\u00f3l 22.05.2026-ig\",\"datePublished\":\"2026-03-24T06:54:16+00:00\",\"mainEntityOfPage\":{\"@id\":\"https:\\\/\\\/komvak.sk\\\/hu\\\/ragcsaloirtas-30-03-2026-tol-22-05-2026-ig\\\/\"},\"wordCount\":108,\"commentCount\":0,\"publisher\":{\"@id\":\"https:\\\/\\\/komvak.sk\\\/hu\\\/#organization\"},\"image\":{\"@id\":\"https:\\\/\\\/komvak.sk\\\/hu\\\/ragcsaloirtas-30-03-2026-tol-22-05-2026-ig\\\/#primaryimage\"},\"thumbnailUrl\":\"https:\\\/\\\/komvak.sk\\\/wp-content\\\/uploads\\\/deratizacia_2023_1.jpg\",\"articleSection\":[\"H\u00edrek\"],\"inLanguage\":\"hu\",\"potentialAction\":[{\"@type\":\"CommentAction\",\"name\":\"Comment\",\"target\":[\"https:\\\/\\\/komvak.sk\\\/hu\\\/ragcsaloirtas-30-03-2026-tol-22-05-2026-ig\\\/#respond\"]}]},{\"@type\":\"WebPage\",\"@id\":\"https:\\\/\\\/komvak.sk\\\/hu\\\/ragcsaloirtas-30-03-2026-tol-22-05-2026-ig\\\/\",\"url\":\"https:\\\/\\\/komvak.sk\\\/hu\\\/ragcsaloirtas-30-03-2026-tol-22-05-2026-ig\\\/\",\"name\":\"R\u00e1gcs\u00e1l\u00f3irt\u00e1s 30.03.2026-t\u00f3l 22.05.2026-ig &#8226; KOMVak\",\"isPartOf\":{\"@id\":\"https:\\\/\\\/komvak.sk\\\/hu\\\/#website\"},\"primaryImageOfPage\":{\"@id\":\"https:\\\/\\\/komvak.sk\\\/hu\\\/ragcsaloirtas-30-03-2026-tol-22-05-2026-ig\\\/#primaryimage\"},\"image\":{\"@id\":\"https:\\\/\\\/komvak.sk\\\/hu\\\/ragcsaloirtas-30-03-2026-tol-22-05-2026-ig\\\/#primaryimage\"},\"thumbnailUrl\":\"https:\\\/\\\/komvak.sk\\\/wp-content\\\/uploads\\\/deratizacia_2023_1.jpg\",\"datePublished\":\"2026-03-24T06:54:16+00:00\",\"breadcrumb\":{\"@id\":\"https:\\\/\\\/komvak.sk\\\/hu\\\/ragcsaloirtas-30-03-2026-tol-22-05-2026-ig\\\/#breadcrumb\"},\"inLanguage\":\"hu\",\"potentialAction\":[{\"@type\":\"ReadAction\",\"target\":[\"https:\\\/\\\/komvak.sk\\\/hu\\\/ragcsaloirtas-30-03-2026-tol-22-05-2026-ig\\\/\"]}]},{\"@type\":\"ImageObject\",\"inLanguage\":\"hu\",\"@id\":\"https:\\\/\\\/komvak.sk\\\/hu\\\/ragcsaloirtas-30-03-2026-tol-22-05-2026-ig\\\/#primaryimage\",\"url\":\"https:\\\/\\\/komvak.sk\\\/wp-content\\\/uploads\\\/deratizacia_2023_1.jpg\",\"contentUrl\":\"https:\\\/\\\/komvak.sk\\\/wp-content\\\/uploads\\\/deratizacia_2023_1.jpg\",\"width\":1600,\"height\":802},{\"@type\":\"BreadcrumbList\",\"@id\":\"https:\\\/\\\/komvak.sk\\\/hu\\\/ragcsaloirtas-30-03-2026-tol-22-05-2026-ig\\\/#breadcrumb\",\"itemListElement\":[{\"@type\":\"ListItem\",\"position\":1,\"name\":\"Home\",\"item\":\"https:\\\/\\\/komvak.sk\\\/hu\\\/\"},{\"@type\":\"ListItem\",\"position\":2,\"name\":\"R\u00e1gcs\u00e1l\u00f3irt\u00e1s 30.03.2026-t\u00f3l 22.05.2026-ig\"}]},{\"@type\":\"WebSite\",\"@id\":\"https:\\\/\\\/komvak.sk\\\/hu\\\/#website\",\"url\":\"https:\\\/\\\/komvak.sk\\\/hu\\\/\",\"name\":\"KOMVak\",\"description\":\"Vod\u00e1rne a kanaliz\u00e1cie mesta Kom\u00e1rna, a.s.\",\"publisher\":{\"@id\":\"https:\\\/\\\/komvak.sk\\\/hu\\\/#organization\"},\"potentialAction\":[{\"@type\":\"SearchAction\",\"target\":{\"@type\":\"EntryPoint\",\"urlTemplate\":\"https:\\\/\\\/komvak.sk\\\/hu\\\/?s={search_term_string}\"},\"query-input\":{\"@type\":\"PropertyValueSpecification\",\"valueRequired\":true,\"valueName\":\"search_term_string\"}}],\"inLanguage\":\"hu\"},{\"@type\":\"Organization\",\"@id\":\"https:\\\/\\\/komvak.sk\\\/hu\\\/#organization\",\"name\":\"KOMVaK - Vod\u00e1rne a kanaliz\u00e1cie mesta Kom\u00e1rna, a.s.\",\"url\":\"https:\\\/\\\/komvak.sk\\\/hu\\\/\",\"logo\":{\"@type\":\"ImageObject\",\"inLanguage\":\"hu\",\"@id\":\"https:\\\/\\\/komvak.sk\\\/hu\\\/#\\\/schema\\\/logo\\\/image\\\/\",\"url\":\"https:\\\/\\\/komvak.sk\\\/wp-content\\\/uploads\\\/KOMVak_logo.png\",\"contentUrl\":\"https:\\\/\\\/komvak.sk\\\/wp-content\\\/uploads\\\/KOMVak_logo.png\",\"width\":948,\"height\":619,\"caption\":\"KOMVaK - Vod\u00e1rne a kanaliz\u00e1cie mesta Kom\u00e1rna, a.s.\"},\"image\":{\"@id\":\"https:\\\/\\\/komvak.sk\\\/hu\\\/#\\\/schema\\\/logo\\\/image\\\/\"},\"sameAs\":[\"https:\\\/\\\/www.facebook.com\\\/KOMVaKKomarno\"]},{\"@type\":\"Person\",\"@id\":\"https:\\\/\\\/komvak.sk\\\/hu\\\/#\\\/schema\\\/person\\\/161b5be0b084105024b9948e715cb8bb\",\"name\":\"admin\",\"image\":{\"@type\":\"ImageObject\",\"inLanguage\":\"hu\",\"@id\":\"https:\\\/\\\/secure.gravatar.com\\\/avatar\\\/65f2c3a7a003521cded3b9febc6f07578bf8c0745c7edea0b3031d0c3f0305e9?s=96&d=mm&r=g\",\"url\":\"https:\\\/\\\/secure.gravatar.com\\\/avatar\\\/65f2c3a7a003521cded3b9febc6f07578bf8c0745c7edea0b3031d0c3f0305e9?s=96&d=mm&r=g\",\"contentUrl\":\"https:\\\/\\\/secure.gravatar.com\\\/avatar\\\/65f2c3a7a003521cded3b9febc6f07578bf8c0745c7edea0b3031d0c3f0305e9?s=96&d=mm&r=g\",\"caption\":\"admin\"}}]}<\/script>\n<!-- \/ Yoast SEO plugin. -->","yoast_head_json":{"title":"R\u00e1gcs\u00e1l\u00f3irt\u00e1s 30.03.2026-t\u00f3l 22.05.2026-ig &#8226; KOMVak","robots":{"index":"index","follow":"follow","max-snippet":"max-snippet:-1","max-image-preview":"max-image-preview:large","max-video-preview":"max-video-preview:-1"},"canonical":"https:\/\/komvak.sk\/hu\/ragcsaloirtas-30-03-2026-tol-22-05-2026-ig\/","og_locale":"hu_HU","og_type":"article","og_title":"R\u00e1gcs\u00e1l\u00f3irt\u00e1s 30.03.2026-t\u00f3l 22.05.2026-ig &#8226; KOMVak","og_description":"KOMVaK \u2013 Kom\u00e1rom V\u00e1ros V\u00edzm\u0171vei \u00e9s Csatornam\u0171vei a.s. \u00e9rtes\u00edti a lakoss\u00e1got, hogy 30.03.2026 \u00e9s 22.05.2026 k\u00f6z\u00f6tt v\u00e1rosszerte elv\u00e9gzik a k\u00f6zcsatorna-h\u00e1l\u00f3zat \u00e1tfog\u00f3 r\u00e1gcs\u00e1l\u00f3irt\u00e1s\u00e1t Kom\u00e1rom v\u00e1ros ter\u00fclet\u00e9n. Felhi\u0301vjuk a ha\u0301zia\u0301llatok e\u0301s haszona\u0301llatok tulajdonosainak figyelme\u0301t, hogy a r\u00e1gcs\u00e1l\u00f3irt\u00e1s id\u0151tartama alatt ford\u00edtsanak fokozott figyelmet r\u00e1juk, tova\u0301bba\u0301 akada\u0301lyozza\u0301k meg, hogy hozza\u0301jussanak a lehelyezett csale\u0301tkekhez a csatornaleja\u0301ratok ko\u0308rnye\u0301ke\u0301n. harmonogram celoplo\u0161nej deratiz\u00e1cie [...]","og_url":"https:\/\/komvak.sk\/hu\/ragcsaloirtas-30-03-2026-tol-22-05-2026-ig\/","og_site_name":"KOMVak","article_publisher":"https:\/\/www.facebook.com\/KOMVaKKomarno","article_published_time":"2026-03-24T06:54:16+00:00","og_image":[{"width":1600,"height":802,"url":"https:\/\/komvak.sk\/wp-content\/uploads\/deratizacia_2023_1.jpg","type":"image\/jpeg"}],"author":"admin","twitter_card":"summary_large_image","twitter_misc":{"Szerz\u0151:":"admin","Becs\u00fclt olvas\u00e1si id\u0151":"1 perc"},"schema":{"@context":"https:\/\/schema.org","@graph":[{"@type":"Article","@id":"https:\/\/komvak.sk\/hu\/ragcsaloirtas-30-03-2026-tol-22-05-2026-ig\/#article","isPartOf":{"@id":"https:\/\/komvak.sk\/hu\/ragcsaloirtas-30-03-2026-tol-22-05-2026-ig\/"},"author":{"name":"admin","@id":"https:\/\/komvak.sk\/hu\/#\/schema\/person\/161b5be0b084105024b9948e715cb8bb"},"headline":"R\u00e1gcs\u00e1l\u00f3irt\u00e1s 30.03.2026-t\u00f3l 22.05.2026-ig","datePublished":"2026-03-24T06:54:16+00:00","mainEntityOfPage":{"@id":"https:\/\/komvak.sk\/hu\/ragcsaloirtas-30-03-2026-tol-22-05-2026-ig\/"},"wordCount":108,"commentCount":0,"publisher":{"@id":"https:\/\/komvak.sk\/hu\/#organization"},"image":{"@id":"https:\/\/komvak.sk\/hu\/ragcsaloirtas-30-03-2026-tol-22-05-2026-ig\/#primaryimage"},"thumbnailUrl":"https:\/\/komvak.sk\/wp-content\/uploads\/deratizacia_2023_1.jpg","articleSection":["H\u00edrek"],"inLanguage":"hu","potentialAction":[{"@type":"CommentAction","name":"Comment","target":["https:\/\/komvak.sk\/hu\/ragcsaloirtas-30-03-2026-tol-22-05-2026-ig\/#respond"]}]},{"@type":"WebPage","@id":"https:\/\/komvak.sk\/hu\/ragcsaloirtas-30-03-2026-tol-22-05-2026-ig\/","url":"https:\/\/komvak.sk\/hu\/ragcsaloirtas-30-03-2026-tol-22-05-2026-ig\/","name":"R\u00e1gcs\u00e1l\u00f3irt\u00e1s 30.03.2026-t\u00f3l 22.05.2026-ig &#8226; KOMVak","isPartOf":{"@id":"https:\/\/komvak.sk\/hu\/#website"},"primaryImageOfPage":{"@id":"https:\/\/komvak.sk\/hu\/ragcsaloirtas-30-03-2026-tol-22-05-2026-ig\/#primaryimage"},"image":{"@id":"https:\/\/komvak.sk\/hu\/ragcsaloirtas-30-03-2026-tol-22-05-2026-ig\/#primaryimage"},"thumbnailUrl":"https:\/\/komvak.sk\/wp-content\/uploads\/deratizacia_2023_1.jpg","datePublished":"2026-03-24T06:54:16+00:00","breadcrumb":{"@id":"https:\/\/komvak.sk\/hu\/ragcsaloirtas-30-03-2026-tol-22-05-2026-ig\/#breadcrumb"},"inLanguage":"hu","potentialAction":[{"@type":"ReadAction","target":["https:\/\/komvak.sk\/hu\/ragcsaloirtas-30-03-2026-tol-22-05-2026-ig\/"]}]},{"@type":"ImageObject","inLanguage":"hu","@id":"https:\/\/komvak.sk\/hu\/ragcsaloirtas-30-03-2026-tol-22-05-2026-ig\/#primaryimage","url":"https:\/\/komvak.sk\/wp-content\/uploads\/deratizacia_2023_1.jpg","contentUrl":"https:\/\/komvak.sk\/wp-content\/uploads\/deratizacia_2023_1.jpg","width":1600,"height":802},{"@type":"BreadcrumbList","@id":"https:\/\/komvak.sk\/hu\/ragcsaloirtas-30-03-2026-tol-22-05-2026-ig\/#breadcrumb","itemListElement":[{"@type":"ListItem","position":1,"name":"Home","item":"https:\/\/komvak.sk\/hu\/"},{"@type":"ListItem","position":2,"name":"R\u00e1gcs\u00e1l\u00f3irt\u00e1s 30.03.2026-t\u00f3l 22.05.2026-ig"}]},{"@type":"WebSite","@id":"https:\/\/komvak.sk\/hu\/#website","url":"https:\/\/komvak.sk\/hu\/","name":"KOMVak","description":"Vod\u00e1rne a kanaliz\u00e1cie mesta Kom\u00e1rna, a.s.","publisher":{"@id":"https:\/\/komvak.sk\/hu\/#organization"},"potentialAction":[{"@type":"SearchAction","target":{"@type":"EntryPoint","urlTemplate":"https:\/\/komvak.sk\/hu\/?s={search_term_string}"},"query-input":{"@type":"PropertyValueSpecification","valueRequired":true,"valueName":"search_term_string"}}],"inLanguage":"hu"},{"@type":"Organization","@id":"https:\/\/komvak.sk\/hu\/#organization","name":"KOMVaK - Vod\u00e1rne a kanaliz\u00e1cie mesta Kom\u00e1rna, a.s.","url":"https:\/\/komvak.sk\/hu\/","logo":{"@type":"ImageObject","inLanguage":"hu","@id":"https:\/\/komvak.sk\/hu\/#\/schema\/logo\/image\/","url":"https:\/\/komvak.sk\/wp-content\/uploads\/KOMVak_logo.png","contentUrl":"https:\/\/komvak.sk\/wp-content\/uploads\/KOMVak_logo.png","width":948,"height":619,"caption":"KOMVaK - Vod\u00e1rne a kanaliz\u00e1cie mesta Kom\u00e1rna, a.s."},"image":{"@id":"https:\/\/komvak.sk\/hu\/#\/schema\/logo\/image\/"},"sameAs":["https:\/\/www.facebook.com\/KOMVaKKomarno"]},{"@type":"Person","@id":"https:\/\/komvak.sk\/hu\/#\/schema\/person\/161b5be0b084105024b9948e715cb8bb","name":"admin","image":{"@type":"ImageObject","inLanguage":"hu","@id":"https:\/\/secure.gravatar.com\/avatar\/65f2c3a7a003521cded3b9febc6f07578bf8c0745c7edea0b3031d0c3f0305e9?s=96&d=mm&r=g","url":"https:\/\/secure.gravatar.com\/avatar\/65f2c3a7a003521cded3b9febc6f07578bf8c0745c7edea0b3031d0c3f0305e9?s=96&d=mm&r=g","contentUrl":"https:\/\/secure.gravatar.com\/avatar\/65f2c3a7a003521cded3b9febc6f07578bf8c0745c7edea0b3031d0c3f0305e9?s=96&d=mm&r=g","caption":"admin"}}]}},"_links":{"self":[{"href":"https:\/\/komvak.sk\/hu\/wp-json\/wp\/v2\/posts\/7882","targetHints":{"allow":["GET"]}}],"collection":[{"href":"https:\/\/komvak.sk\/hu\/wp-json\/wp\/v2\/posts"}],"about":[{"href":"https:\/\/komvak.sk\/hu\/wp-json\/wp\/v2\/types\/post"}],"author":[{"embeddable":true,"href":"https:\/\/komvak.sk\/hu\/wp-json\/wp\/v2\/users\/1"}],"replies":[{"embeddable":true,"href":"https:\/\/komvak.sk\/hu\/wp-json\/wp\/v2\/comments?post=7882"}],"version-history":[{"count":0,"href":"https:\/\/komvak.sk\/hu\/wp-json\/wp\/v2\/posts\/7882\/revisions"}],"wp:featuredmedia":[{"embeddable":true,"href":"https:\/\/komvak.sk\/hu\/wp-json\/wp\/v2\/media\/6098"}],"wp:attachment":[{"href":"https:\/\/komvak.sk\/hu\/wp-json\/wp\/v2\/media?parent=7882"}],"wp:term":[{"taxonomy":"category","embeddable":true,"href":"https:\/\/komvak.sk\/hu\/wp-json\/wp\/v2\/categories?post=7882"},{"taxonomy":"post_tag","embeddable":true,"href":"https:\/\/komvak.sk\/hu\/wp-json\/wp\/v2\/tags?post=7882"}],"curies":[{"name":"wp","href":"https:\/\/api.w.org\/{rel}","templated":true}]}}